{"id":266803,"date":"2022-06-28T13:15:03","date_gmt":"2022-06-28T11:15:03","guid":{"rendered":"https:\/\/zjarr.tv\/?p=266803"},"modified":"2022-06-28T13:15:03","modified_gmt":"2022-06-28T11:15:03","slug":"pijeni-ujtin-jane-kryer-analiza-te-thella-gjici-thirrje-kuksianeve-eshte-thjesht-viroze-keta-shpifesat-e-pd-se-perhapen-panik","status":"publish","type":"post","link":"https:\/\/zjarr.tv\/sq\/pijeni-ujtin-jane-kryer-analiza-te-thella-gjici-thirrje-kuksianeve-eshte-thjesht-viroze-keta-shpifesat-e-pd-se-perhapen-panik\/","title":{"rendered":"\u201cPijeni ujtin, jan\u00eb kryer analiza t\u00eb thella\u201d\/ Gjici \u201cthirrje\u201d kuksian\u00ebve: \u00cbsht\u00eb thjesht viroz\u00eb, k\u00ebta shpif\u00ebsat e PD-s\u00eb p\u00ebrhap\u00ebn panik\u2026"},"content":{"rendered":"<p>Kryebashiaku i Kuk\u00ebsit Safet Gjici ka dal\u00eb n\u00eb konferenc\u00eb p\u00ebr mediat dit\u00ebn e sotme duke dh\u00ebn\u00eb p\u00ebrgjigjie sa i takon situat\u00ebs me qindra qytetar\u00eb t\u00eb helmuar dit\u00ebt e fundit.<\/p>\n<p>Gjici deklaroi se rezultatet e analizave t\u00eb ujit t\u00eb pijsh\u00ebm nga ISHP tregojn\u00eb se ai \u00ebsht\u00eb plot\u00ebsisht i past\u00ebr dhe se kjo \u00ebsht\u00eb thjesht\u00eb nj\u00eb viroz\u00eb.<\/p>\n<p>Ai tha nd\u00ebr t\u00eb tjera se jan\u00eb persona t\u00eb krahut t\u00eb PD-s\u00eb q\u00eb kan\u00eb p\u00ebrhapur panik te kuksian\u00ebt, duke b\u00ebr\u00eb k\u00ebshtu thirrje q\u00eb ata t\u00eb konsumojn\u00eb ujin e pijsh\u00ebm.<\/p>\n<p>\u201cKa ardhur p\u00ebrgjigjia e analizave, me firm\u00eb me vul\u00eb, shikojini zero, zero. I keni te Instituti publik, ju b\u00ebj thirrje qytetar\u00ebve ta pin\u00eb ujtin, e them me p\u00ebrgjegj\u00ebsi t\u00eb plot\u00eb. Nuk mund t\u00eb flas\u00ebsh, \u00ebsht\u00eb \u00e7\u00ebshtje e prekshme p\u00ebr ne, nga sot kemi t\u00eb gjitha analizat nj\u00eb p\u00ebr nj\u00eb.<\/p>\n<p>Merrni dhe b\u00ebjini kopje. Nj\u00eb rast i izoluar n\u00eb lagjen Muja n\u00eb Shtiqen, por ky rast s\u2019ka lidhje me tubin kryesor, por me sht\u00ebpin\u00eb.<\/p>\n<p>Fjala helmim do t\u00eb thot\u00eb se mij\u00ebra qytetar\u00eb t\u00eb ishin n\u00eb spital, t\u00eb gjith\u00eb ata shpif\u00ebsat e q\u00eb hap\u00ebn panik, kjo lloj viroze mund t\u00eb vinte, k\u00ebta ta interpretojn\u00eb si t\u00eb duan.<\/p>\n<p>Krahu i PD-s\u00eb ka perhap panik, kishim disa qytetar\u00eb te spitali dhe shkova u interesova. ISHP ka pun\u00ebn e tij, laboratori i AKU-s\u00eb ka pun\u00ebn e tij, k\u00ebto qytetar\u00eb kan\u00eb viroz\u00eb, kemi pas raste dhe n\u00eb dim\u00ebr. Shum\u00eb qytetar\u00eb kan\u00eb ikur kan\u00eb b\u00ebr\u00eb serum e s\u2019ka pas problem, ka t\u00eb tjer\u00eb q\u00eb kan\u00eb pir\u00eb uj\u00eb t\u00eb bler\u00eb.<\/p>\n<p>Ne nuk dilnim dot n\u00eb deklarat\u00eb pa dal\u00eb analizat, \u00ebsht\u00eb shum\u00eb e thjesht\u00eb t\u00eb thuash q\u00eb uji \u00ebsht\u00eb helmuar dhe se duan ta fshehin, u b\u00ebj thirrje kuksian\u00ebve t\u00eb pin\u00eb ujtin se jan\u00eb kryer analiza t\u00eb thella\u201d-tha Gjici.<\/p>\n","protected":false},"excerpt":{"rendered":"<p>Kryebashiaku i Kuk\u00ebsit Safet Gjici ka dal\u00eb n\u00eb konferenc\u00eb p\u00ebr mediat dit\u00ebn e sotme duke dh\u00ebn\u00eb p\u00ebrgjigjie sa i takon situat\u00ebs me qindra qytetar\u00eb t\u00eb helmuar dit\u00ebt e fundit. Gjici deklaroi se rezultatet e analizave t\u00eb ujit t\u00eb pijsh\u00ebm nga ISHP tregojn\u00eb se ai \u00ebsht\u00eb plot\u00ebsisht i past\u00ebr dhe se kjo \u00ebsht\u00eb thjesht\u00eb nj\u00eb viroz\u00eb. [&hellip;]<\/p>\n","protected":false},"author":2030,"featured_media":266805,"comment_status":"closed","ping_status":"closed","sticky":false,"template":"","format":"standard","meta":{"footnotes":""},"categories":[241,5380,231],"tags":[],"class_list":{"0":"post-266803","1":"post","2":"type-post","3":"status-publish","4":"format-standard","5":"has-post-thumbnail","7":"category-aktualitet","8":"category-kryesore","9":"category-lajme"},"_links":{"self":[{"href":"https:\/\/zjarr.tv\/sq\/wp-json\/wp\/v2\/posts\/266803","targetHints":{"allow":["GET"]}}],"collection":[{"href":"https:\/\/zjarr.tv\/sq\/wp-json\/wp\/v2\/posts"}],"about":[{"href":"https:\/\/zjarr.tv\/sq\/wp-json\/wp\/v2\/types\/post"}],"author":[{"embeddable":true,"href":"https:\/\/zjarr.tv\/sq\/wp-json\/wp\/v2\/users\/2030"}],"replies":[{"embeddable":true,"href":"https:\/\/zjarr.tv\/sq\/wp-json\/wp\/v2\/comments?post=266803"}],"version-history":[{"count":0,"href":"https:\/\/zjarr.tv\/sq\/wp-json\/wp\/v2\/posts\/266803\/revisions"}],"wp:featuredmedia":[{"embeddable":true,"href":"https:\/\/zjarr.tv\/sq\/wp-json\/wp\/v2\/media\/266805"}],"wp:attachment":[{"href":"https:\/\/zjarr.tv\/sq\/wp-json\/wp\/v2\/media?parent=266803"}],"wp:term":[{"taxonomy":"category","embeddable":true,"href":"https:\/\/zjarr.tv\/sq\/wp-json\/wp\/v2\/categories?post=266803"},{"taxonomy":"post_tag","embeddable":true,"href":"https:\/\/zjarr.tv\/sq\/wp-json\/wp\/v2\/tags?post=266803"}],"curies":[{"name":"wp","href":"https:\/\/api.w.org\/{rel}","templated":true}]}}