{"id":266804,"date":"2022-06-28T13:21:35","date_gmt":"2022-06-28T11:21:35","guid":{"rendered":"https:\/\/zjarr.tv\/?p=266804"},"modified":"2022-06-28T13:21:35","modified_gmt":"2022-06-28T11:21:35","slug":"ish-kryebashkiaku-socialist-perfundon-ne-spak","status":"publish","type":"post","link":"https:\/\/zjarr.tv\/sq\/ish-kryebashkiaku-socialist-perfundon-ne-spak\/","title":{"rendered":"Ish-kryebashkiaku socialist p\u00ebrfundon n\u00eb SPAK"},"content":{"rendered":"<p>Ish-kryebashkiaku i Dibr\u00ebs, Muharrem Rama \u00ebsht\u00eb thirrur dit\u00ebn e sotme n\u00eb SPAK.<\/p>\n<p>Ai ka mb\u00ebrritur pak m\u00eb par\u00eb n\u00eb ambientet e Gjykat\u00ebs s\u00eb Posa\u00e7me. Rama pritet q\u00eb t\u00eb merret n\u00eb pyetje, p\u00ebr nj\u00eb \u00e7\u00ebshtje q\u00eb \u00ebsht\u00eb nuk dihet ende.<\/p>\n<p>Muharrem Rama u zgjodh kryetar i Bashkis\u00eb s\u00eb Dibr\u00ebs n\u00eb zgjedhjet e pjesshme t\u00eb 11 shtatorit 2016.<\/p>\n","protected":false},"excerpt":{"rendered":"<p>Ish-kryebashkiaku i Dibr\u00ebs, Muharrem Rama \u00ebsht\u00eb thirrur dit\u00ebn e sotme n\u00eb SPAK. Ai ka mb\u00ebrritur pak m\u00eb par\u00eb n\u00eb ambientet e Gjykat\u00ebs s\u00eb Posa\u00e7me. Rama pritet q\u00eb t\u00eb merret n\u00eb pyetje, p\u00ebr nj\u00eb \u00e7\u00ebshtje q\u00eb \u00ebsht\u00eb nuk dihet ende. Muharrem Rama u zgjodh kryetar i Bashkis\u00eb s\u00eb Dibr\u00ebs n\u00eb zgjedhjet e pjesshme t\u00eb 11 shtatorit [&hellip;]<\/p>\n","protected":false},"author":2020,"featured_media":266808,"comment_status":"closed","ping_status":"closed","sticky":false,"template":"","format":"standard","meta":{"footnotes":""},"categories":[241],"tags":[],"class_list":{"0":"post-266804","1":"post","2":"type-post","3":"status-publish","4":"format-standard","5":"has-post-thumbnail","7":"category-aktualitet"},"_links":{"self":[{"href":"https:\/\/zjarr.tv\/sq\/wp-json\/wp\/v2\/posts\/266804","targetHints":{"allow":["GET"]}}],"collection":[{"href":"https:\/\/zjarr.tv\/sq\/wp-json\/wp\/v2\/posts"}],"about":[{"href":"https:\/\/zjarr.tv\/sq\/wp-json\/wp\/v2\/types\/post"}],"author":[{"embeddable":true,"href":"https:\/\/zjarr.tv\/sq\/wp-json\/wp\/v2\/users\/2020"}],"replies":[{"embeddable":true,"href":"https:\/\/zjarr.tv\/sq\/wp-json\/wp\/v2\/comments?post=266804"}],"version-history":[{"count":0,"href":"https:\/\/zjarr.tv\/sq\/wp-json\/wp\/v2\/posts\/266804\/revisions"}],"wp:featuredmedia":[{"embeddable":true,"href":"https:\/\/zjarr.tv\/sq\/wp-json\/wp\/v2\/media\/266808"}],"wp:attachment":[{"href":"https:\/\/zjarr.tv\/sq\/wp-json\/wp\/v2\/media?parent=266804"}],"wp:term":[{"taxonomy":"category","embeddable":true,"href":"https:\/\/zjarr.tv\/sq\/wp-json\/wp\/v2\/categories?post=266804"},{"taxonomy":"post_tag","embeddable":true,"href":"https:\/\/zjarr.tv\/sq\/wp-json\/wp\/v2\/tags?post=266804"}],"curies":[{"name":"wp","href":"https:\/\/api.w.org\/{rel}","templated":true}]}}