{"id":266828,"date":"2022-06-28T13:55:59","date_gmt":"2022-06-28T11:55:59","guid":{"rendered":"https:\/\/zjarr.tv\/?p=266828"},"modified":"2022-06-28T13:55:59","modified_gmt":"2022-06-28T11:55:59","slug":"artan-hoxha-analizon-veshjet-e-rames-ka-stilist-privat-vesh-rroba-te-kushtueshme","status":"publish","type":"post","link":"https:\/\/zjarr.tv\/sq\/artan-hoxha-analizon-veshjet-e-rames-ka-stilist-privat-vesh-rroba-te-kushtueshme\/","title":{"rendered":"Artan Hoxha analizon veshjet e Ram\u00ebs: Ka stilist privat, vesh rroba t\u00eb kushtueshme"},"content":{"rendered":"<p>Gazetari investigativ, Artan Hoxha ka folur n\u00eb lidhje me nism\u00ebn e qeveris\u00eb p\u00ebr amnistin\u00eb fiskale duke theksuar se m\u00eb shum\u00eb se sa krimi i organizuar ata q\u00eb do t\u00eb p\u00ebrfitojn\u00eb politikan\u00ebt dhe administrata publike.<\/p>\n<p>ka deklaruar se edhe pse politikan\u00ebt tan\u00eb nuk kan\u00eb deklaruar pasuri, si sht\u00ebpia, makina, etj., n\u00eb fakt jan\u00eb shum\u00eb t\u00eb pasur.<\/p>\n<p>Gazetari mori shembull kryeministrin Rama, i cili sipas tij ka nj\u00eb stilist personal, ku nuk mund t\u00eb shkoj\u00eb \u00e7dokush dhe p\u00ebrher\u00eb b\u00ebn trend me veshjet e tij.<\/p>\n<p>\u201cMe Ram\u00ebn mund t\u00eb kemi shum\u00eb kritika, vesh rroba t\u00eb kushtueshme. Ai ka nj\u00eb person q\u00eb merret me veshjen e tij. Vet\u00ebm po ti biesh nga mbrapa veshjes e kupton mir\u00eb q\u00eb ajo ka nj\u00eb kosto\u201d tha Artan Hoxha n\u00eb Abc Live.<\/p>\n","protected":false},"excerpt":{"rendered":"<p>Gazetari investigativ, Artan Hoxha ka folur n\u00eb lidhje me nism\u00ebn e qeveris\u00eb p\u00ebr amnistin\u00eb fiskale duke theksuar se m\u00eb shum\u00eb se sa krimi i organizuar ata q\u00eb do t\u00eb p\u00ebrfitojn\u00eb politikan\u00ebt dhe administrata publike. ka deklaruar se edhe pse politikan\u00ebt tan\u00eb nuk kan\u00eb deklaruar pasuri, si sht\u00ebpia, makina, etj., n\u00eb fakt jan\u00eb shum\u00eb t\u00eb pasur. [&hellip;]<\/p>\n","protected":false},"author":2020,"featured_media":180603,"comment_status":"closed","ping_status":"closed","sticky":false,"template":"","format":"standard","meta":{"footnotes":""},"categories":[241,5380,231],"tags":[],"class_list":{"0":"post-266828","1":"post","2":"type-post","3":"status-publish","4":"format-standard","5":"has-post-thumbnail","7":"category-aktualitet","8":"category-kryesore","9":"category-lajme"},"_links":{"self":[{"href":"https:\/\/zjarr.tv\/sq\/wp-json\/wp\/v2\/posts\/266828","targetHints":{"allow":["GET"]}}],"collection":[{"href":"https:\/\/zjarr.tv\/sq\/wp-json\/wp\/v2\/posts"}],"about":[{"href":"https:\/\/zjarr.tv\/sq\/wp-json\/wp\/v2\/types\/post"}],"author":[{"embeddable":true,"href":"https:\/\/zjarr.tv\/sq\/wp-json\/wp\/v2\/users\/2020"}],"replies":[{"embeddable":true,"href":"https:\/\/zjarr.tv\/sq\/wp-json\/wp\/v2\/comments?post=266828"}],"version-history":[{"count":0,"href":"https:\/\/zjarr.tv\/sq\/wp-json\/wp\/v2\/posts\/266828\/revisions"}],"wp:featuredmedia":[{"embeddable":true,"href":"https:\/\/zjarr.tv\/sq\/wp-json\/wp\/v2\/media\/180603"}],"wp:attachment":[{"href":"https:\/\/zjarr.tv\/sq\/wp-json\/wp\/v2\/media?parent=266828"}],"wp:term":[{"taxonomy":"category","embeddable":true,"href":"https:\/\/zjarr.tv\/sq\/wp-json\/wp\/v2\/categories?post=266828"},{"taxonomy":"post_tag","embeddable":true,"href":"https:\/\/zjarr.tv\/sq\/wp-json\/wp\/v2\/tags?post=266828"}],"curies":[{"name":"wp","href":"https:\/\/api.w.org\/{rel}","templated":true}]}}