{"id":266862,"date":"2022-06-28T15:12:18","date_gmt":"2022-06-28T13:12:18","guid":{"rendered":"https:\/\/zjarr.tv\/?p=266862"},"modified":"2022-06-28T15:12:18","modified_gmt":"2022-06-28T13:12:18","slug":"veliaj-gjyqtaret-qe-bllokojne-punen-dhe-progresin-e-qytetit-nuk-e-kane-te-gjate-ne-drejtesi","status":"publish","type":"post","link":"https:\/\/zjarr.tv\/sq\/veliaj-gjyqtaret-qe-bllokojne-punen-dhe-progresin-e-qytetit-nuk-e-kane-te-gjate-ne-drejtesi\/","title":{"rendered":"Veliaj: Gjyqtar\u00ebt q\u00eb bllokojn\u00eb pun\u00ebn dhe progresin e qytetit nuk e kan\u00eb t\u00eb gjat\u00eb n\u00eb drejt\u00ebsi!"},"content":{"rendered":"<p>Kreu i Bashkis\u00eb s\u00eb Tiran\u00ebs, Erion Veliaj i ka b\u00ebr\u00eb thirrje t\u00eb gjyqtarve q\u00eb sipas tij p\u00ebrpiqen t\u00eb bllokojn\u00eb pun\u00ebn e Bashkis\u00eb s\u00eb kryeqytetit p\u00ebr t\u00eb \u00e7liruar varrezat e Sharr\u00ebs nga zaptuesit se s\u2019do ta ken\u00eb te gjat\u00eb n\u00eb detyr\u00eb. Veliaj paralajm\u00ebroi denoncim p\u00ebr k\u00ebdo q\u00eb po mundohet t\u00eb bllokoj\u00eb at\u00eb q\u00eb ai e quan progresin e Tiran\u00ebs.<\/p>\n<p>\u201cNdjehem shum\u00eb i keqardhur q\u00eb ka ende gjyqtar\u00eb, n\u00eb pritje t\u00eb Vettingut, q\u00eb bllokojn\u00eb Bashkin\u00eb e Tiran\u00ebs t\u00eb \u00e7liroj\u00eb varrezat e \u201cSharr\u00ebs\u201d, dhe kur shikoj gjyqtar\u00eb t\u00eb Gjykat\u00ebs Administrative, q\u00eb japin urdh\u00ebra bllokimi kund\u00ebr pun\u00ebs s\u00eb bashkis\u00eb.<\/p>\n<p>Flitet p\u00ebr varrezat e vjetra, q\u00eb jan\u00eb zaptuar duke nd\u00ebrtuar mbi to sht\u00ebpi, t\u00eb cilat bashkia ka 7 vjet q\u00eb k\u00ebrkon t\u2019i largoj\u00eb dhe gjykata thot\u00eb jo. Por, varrezat jan\u00eb p\u00ebr t\u00eb respektuar t\u00eb par\u00ebt tan\u00eb q\u00eb nuk jetojn\u00eb m\u00eb. Kurse n\u00eb vitin 2022 kemi vendime gjykatash q\u00eb bllokojn\u00eb bashkin\u00eb nga \u00e7lirimi i varrezave.<\/p>\n<p>Gjyqtarit nuk dua t\u2019ia them emrin, por heshtja ime nuk do t\u00eb zgjas\u00eb shum\u00eb. N\u00eb varreza do t\u00eb p\u00ebrfundojm\u00eb t\u00eb gjith\u00eb nj\u00eb dit\u00eb, por do t\u00eb jet\u00eb p\u00ebr turpin e k\u00ebtij gjyqtari q\u00eb bllokon pun\u00ebn q\u00eb bashkia t\u00eb \u00e7liroj\u00eb varrezat.<\/p>\n<p>K\u00ebta i rrjepin njer\u00ebzit p\u00ebrkoh\u00ebsisht, derisa t\u2019ju vij\u00eb Vettingu, por k\u00ebta nuk do t\u00eb vazhdojn\u00eb m\u00eb n\u00eb drejt\u00ebsi sepse un\u00eb do t\u00eb jem i pari q\u00eb do t\u00eb denoncoj nj\u00eb gjyqtar q\u00eb bllokon \u00e7lirimin e varrezave, \u00e7lirimin e Liqenit, \u00e7lirimin e Liqenit t\u00eb That\u00eb nga zaptimet m\u2019u n\u00eb mes ose n\u00eb buz\u00eb t\u00eb ujit. V\u00ebrtet na vonojn\u00eb pun\u00ebn, por nuk mund t\u00eb na vonojn\u00eb pafund\u00ebsisht. Qyteti do t\u00eb vazhdoj\u00eb t\u00eb ec\u00eb p\u00ebrpara\u201d, p\u00ebrfundoi Veliaj.<\/p>\n<p>M\u00eb tej, ai n\u00ebnvizoi se askush nuk mund ta ndaloj\u00eb zhvillimin dhe progresin e qytetit t\u00eb Tiran\u00ebs. E r\u00ebnd\u00ebsishme, sipas Veliajt, \u00ebsht\u00eb q\u00eb t\u00eb mbahen premtimet dhe t\u00eb ecet p\u00ebrpara me pun\u00eb.<\/p>\n<p>\u201cFtesa p\u00ebr t\u00eb gjith\u00eb ata q\u00eb merren me politik\u00eb \u00ebsht\u00eb t\u00eb ofrojn\u00eb nj\u00eb alternativ\u00eb tjet\u00ebr, por t\u00eb mos g\u00ebnjejn\u00eb, t\u00eb mos shpifin, t\u00eb mos mashtrojn\u00eb, t\u00eb mos hapin gjyqe dhe t\u00eb mos inkurajojn\u00eb njer\u00ebz, duke i hedhur si mish p\u00ebr top n\u00ebp\u00ebr gjykata. P\u00ebrve\u00e7se e vonojn\u00eb, projektin nuk e ndalojn\u00eb dot. Sepse progresi nuk ndalohet dot\u201d, tha ai.<\/p>\n","protected":false},"excerpt":{"rendered":"<p>Kreu i Bashkis\u00eb s\u00eb Tiran\u00ebs, Erion Veliaj i ka b\u00ebr\u00eb thirrje t\u00eb gjyqtarve q\u00eb sipas tij p\u00ebrpiqen t\u00eb bllokojn\u00eb pun\u00ebn e Bashkis\u00eb s\u00eb kryeqytetit p\u00ebr t\u00eb \u00e7liruar varrezat e Sharr\u00ebs nga zaptuesit se s\u2019do ta ken\u00eb te gjat\u00eb n\u00eb detyr\u00eb. Veliaj paralajm\u00ebroi denoncim p\u00ebr k\u00ebdo q\u00eb po mundohet t\u00eb bllokoj\u00eb at\u00eb q\u00eb ai e quan [&hellip;]<\/p>\n","protected":false},"author":2020,"featured_media":266863,"comment_status":"closed","ping_status":"closed","sticky":false,"template":"","format":"standard","meta":{"footnotes":""},"categories":[241,5380,231],"tags":[],"class_list":{"0":"post-266862","1":"post","2":"type-post","3":"status-publish","4":"format-standard","5":"has-post-thumbnail","7":"category-aktualitet","8":"category-kryesore","9":"category-lajme"},"_links":{"self":[{"href":"https:\/\/zjarr.tv\/sq\/wp-json\/wp\/v2\/posts\/266862","targetHints":{"allow":["GET"]}}],"collection":[{"href":"https:\/\/zjarr.tv\/sq\/wp-json\/wp\/v2\/posts"}],"about":[{"href":"https:\/\/zjarr.tv\/sq\/wp-json\/wp\/v2\/types\/post"}],"author":[{"embeddable":true,"href":"https:\/\/zjarr.tv\/sq\/wp-json\/wp\/v2\/users\/2020"}],"replies":[{"embeddable":true,"href":"https:\/\/zjarr.tv\/sq\/wp-json\/wp\/v2\/comments?post=266862"}],"version-history":[{"count":0,"href":"https:\/\/zjarr.tv\/sq\/wp-json\/wp\/v2\/posts\/266862\/revisions"}],"wp:featuredmedia":[{"embeddable":true,"href":"https:\/\/zjarr.tv\/sq\/wp-json\/wp\/v2\/media\/266863"}],"wp:attachment":[{"href":"https:\/\/zjarr.tv\/sq\/wp-json\/wp\/v2\/media?parent=266862"}],"wp:term":[{"taxonomy":"category","embeddable":true,"href":"https:\/\/zjarr.tv\/sq\/wp-json\/wp\/v2\/categories?post=266862"},{"taxonomy":"post_tag","embeddable":true,"href":"https:\/\/zjarr.tv\/sq\/wp-json\/wp\/v2\/tags?post=266862"}],"curies":[{"name":"wp","href":"https:\/\/api.w.org\/{rel}","templated":true}]}}