{"id":266893,"date":"2022-06-29T09:12:46","date_gmt":"2022-06-29T07:12:46","guid":{"rendered":"https:\/\/zjarr.tv\/?p=266893"},"modified":"2022-06-29T09:12:46","modified_gmt":"2022-06-29T07:12:46","slug":"nato-synon-ndryshimet-me-te-medha-prej-luftes-se-ftohte-cfare-pritet-te-ndodhe-ne-samit","status":"publish","type":"post","link":"https:\/\/zjarr.tv\/sq\/nato-synon-ndryshimet-me-te-medha-prej-luftes-se-ftohte-cfare-pritet-te-ndodhe-ne-samit\/","title":{"rendered":"NATO synon ndryshimet m\u00eb t\u00eb m\u00ebdha prej Luft\u00ebs s\u00eb Ftoht\u00eb, \u00e7far\u00eb pritet t\u00eb ndodh\u00eb n\u00eb samit"},"content":{"rendered":"<p>Lider\u00ebt e NATO-s pritet q\u00eb t\u00eb arrijn\u00eb pajtueshm\u00ebri p\u00ebr nj\u00eb p\u00ebrforcim t\u00eb madh t\u00eb aleanc\u00ebs n\u00eb krahun lindor, kur t\u00eb takohen t\u00eb m\u00ebrkur\u00ebn n\u00eb Madrid. Q\u00ebllimi i k\u00ebtij vendimi \u00ebsht\u00eb forcimi i aleanc\u00ebs, pas pushtimit rus n\u00eb Ukrain\u00eb.<\/p>\n<p>Ky vendim p\u00ebrb\u00ebn \u201cndryshim themelor n\u00eb parandalim dhe mbrojtje\u201d, brenda aleanc\u00ebs, ka th\u00ebn\u00eb Sekretari i P\u00ebrgjithsh\u00ebm i NATO-s, Jens Stoltenberg, n\u00eb nisje t\u00eb samitit treditor. Ai ka th\u00ebn\u00eb n\u00eb disa komente paraprake se vendimet e k\u00ebtij samiti do t\u00eb b\u00ebjn\u00eb rishikimin m\u00eb t\u00eb thell\u00eb t\u00eb politikave p\u00ebr mbrojtje prej Luft\u00ebs s\u00eb Ftoht\u00eb.<\/p>\n<p>Pushtimi rus i Ukrain\u00ebs<\/p>\n<p>REL ju sjell informacionet kryesore mbi pushtimin rus t\u00eb Ukrain\u00ebs, p\u00ebrfshir\u00eb analiza, video dhe fotogaleri. Lufta n\u00eb Ukrain\u00eb ka krijuar nj\u00eb atmosfer\u00eb t\u00eb re brenda aleanc\u00ebs per\u00ebndimore, pas disa viteve t\u00eb mospajtimeve t\u00eb brendshme dhe rritjes s\u00eb tensioneve mes Shteteve t\u00eb Bashkuara dhe Evrop\u00ebs, n\u00eb koh\u00ebn sa Donald Trump ka qen\u00eb president i SHBA-s\u00eb.<\/p>\n<p>Presidenti francez Emmanuel Macron e ka p\u00ebrmendur m\u00eb 2019 se NATO-ja po p\u00ebrballej me \u201cvdekje t\u00eb trurit\u201d, teksa rriteshin dilemat p\u00ebr rrug\u00ebn q\u00eb po merrte aleanca. Fundi kaotik i intervenimit 20-vje\u00e7ar t\u00eb SHBA-s\u00eb dhe NATO-s n\u00eb Afganistan, ka ndikuar pak, derisa lufta n\u00eb Ukrain\u00eb ka v\u00ebn\u00eb theksin te q\u00ebllimi ky\u00e7 i aleanc\u00ebs: mbrojtja kolektive.<\/p>\n<p>Pushtimi rus n\u00eb Ukrain\u00eb \u201ce ka b\u00ebr\u00eb edhe m\u00eb t\u00eb qart\u00eb\u201d sa e r\u00ebnd\u00ebsishme \u00ebsht\u00eb NATO-ja p\u00ebr t\u00eb ardhmen, ka th\u00ebn\u00eb kryeministri spanjoll Pedro Sanchez n\u00eb nisje t\u00eb takimit. P\u00ebrve\u00e7 frym\u00ebs s\u00eb re, NATO-ja do t\u00eb pranoj\u00eb edhe an\u00ebtar\u00eb t\u00eb rinj, pasi Suedia dhe Finlanda kan\u00eb vendosur t\u00eb braktisin neutralitetin dhe t\u00eb an\u00ebtar\u00ebsohen n\u00eb k\u00ebt\u00eb aleanc\u00eb, pas nisjes s\u00eb pushtimit rus.<\/p>\n<p>Turqia \u00ebsht\u00eb pajtuar t\u00eb mart\u00ebn q\u00eb t\u00eb heq\u00eb veton p\u00ebr an\u00ebtar\u00ebsimin e t\u00eb dyja k\u00ebtyre shteteve n\u00eb NATO, pas n\u00ebnshkrimit t\u00eb zotimeve nga Suedia dhe Finlanda p\u00ebr luftim t\u00eb terrorizmit. Ankaraja ka kund\u00ebrshtuar an\u00ebtar\u00ebsimin e k\u00ebtyre dy shteteve p\u00ebr disa jav\u00eb, duke i akuzuar p\u00ebr mb\u00ebshtetje t\u00eb Partis\u00eb s\u00eb Pun\u00ebtor\u00ebve t\u00eb Kurdistanit (PKK) dhe YPG-s\u00eb, nj\u00eb milici kurde me baz\u00eb n\u00eb Siri.<\/p>\n<p>Ankaraja i konsideron t\u00eb dyja k\u00ebto organizata si terroriste. T\u00eb m\u00ebrkur\u00ebn, aleanca trans-atlantike pritet t\u00eb arrij\u00eb marr\u00ebveshje p\u00ebr t\u00eb pozicionuar m\u00eb shum\u00eb pajisje af\u00ebr Rusis\u00eb, p\u00ebrfshir\u00eb arm\u00ebt e r\u00ebnda, t\u00eb rris\u00eb numrin e trupave t\u00eb NATO-s n\u00eb Evrop\u00ebn Lindore dhe t\u00eb rris\u00eb numrin e forcave n\u00eb gatishm\u00ebri t\u00eb lart\u00eb nga 40,000 n\u00eb 300,000. Aleat\u00ebt e NATO-s jan\u00eb ende duke finalizuar p\u00ebrb\u00ebrjen e trupave q\u00eb do t\u00eb angazhohen n\u00eb Evrop\u00ebn Lindore, pasi disa vende an\u00ebtare d\u00ebshirojn\u00eb t\u00eb shmangin bazat e p\u00ebrhershme p\u00ebr shkak t\u00eb kostove t\u00eb m\u00ebdha.<\/p>\n<p>Baltiku, sidomos Estonia, kan\u00eb shtyr\u00eb NATO-n q\u00eb t\u00eb ndryshoj\u00eb taktikat pas pushtimit rus n\u00eb Ukrain\u00eb dhe q\u00eb t\u00eb siguroj\u00eb mbrojtje t\u00eb plot\u00eb t\u00eb territorit n\u00eb Evrop\u00ebn Lindore. Aleanca per\u00ebndimore me 30 vende an\u00ebtare, pritet t\u00eb pajtohet edhe p\u00ebr nj\u00eb koncept strategjik q\u00eb v\u00eb n\u00eb pah misionet dhe detyrat e NATO-s.<\/p>\n<p>P\u00ebrdit\u00ebsimi i fundit i politikave \u00ebsht\u00eb b\u00ebr\u00eb m\u00eb 2010. Aty pritet q\u00eb Rusia t\u00eb kategorizohet si k\u00ebrc\u00ebnimi m\u00eb i madh p\u00ebr NATO-n n\u00eb 10 vjet\u00ebt e ardhsh\u00ebm, si dhe t\u00eb p\u00ebrmendet Kina p\u00ebr her\u00eb t\u00eb par\u00eb.<\/p>\n<p>Vendet partnere t\u00eb NATO-s n\u00eb rajonin e Indo-Paq\u00ebsorit \u2013 Australia, Zelanda e Re, Japonia dhe Koreja Jugore \u2013 jan\u00eb duke marr\u00eb pjes\u00eb n\u00eb samit, nj\u00eb shenj\u00eb se lufta n\u00eb Ukrain\u00eb ka marr\u00eb gjith\u00eb v\u00ebmendjen e aleanc\u00ebs. Vendet an\u00ebtare t\u00eb NATO-s po planifikojn\u00eb q\u00eb t\u00eb tregojn\u00eb p\u00ebrkushtim se do t\u2019i ndihmojn\u00eb Ukrain\u00ebs n\u00eb periudh\u00eb afatgjat\u00eb me pajisje, trajnim dhe modernizim t\u00eb pajisjeve ushtarake t\u00eb periudh\u00ebs sovjetike.\/Rel<\/p>\n","protected":false},"excerpt":{"rendered":"<p>Lider\u00ebt e NATO-s pritet q\u00eb t\u00eb arrijn\u00eb pajtueshm\u00ebri p\u00ebr nj\u00eb p\u00ebrforcim t\u00eb madh t\u00eb aleanc\u00ebs n\u00eb krahun lindor, kur t\u00eb takohen t\u00eb m\u00ebrkur\u00ebn n\u00eb Madrid. Q\u00ebllimi i k\u00ebtij vendimi \u00ebsht\u00eb forcimi i aleanc\u00ebs, pas pushtimit rus n\u00eb Ukrain\u00eb. Ky vendim p\u00ebrb\u00ebn \u201cndryshim themelor n\u00eb parandalim dhe mbrojtje\u201d, brenda aleanc\u00ebs, ka th\u00ebn\u00eb Sekretari i P\u00ebrgjithsh\u00ebm i [&hellip;]<\/p>\n","protected":false},"author":2031,"featured_media":266894,"comment_status":"closed","ping_status":"closed","sticky":false,"template":"","format":"standard","meta":{"footnotes":""},"categories":[241,235],"tags":[],"class_list":{"0":"post-266893","1":"post","2":"type-post","3":"status-publish","4":"format-standard","5":"has-post-thumbnail","7":"category-aktualitet","8":"category-vendi"},"_links":{"self":[{"href":"https:\/\/zjarr.tv\/sq\/wp-json\/wp\/v2\/posts\/266893","targetHints":{"allow":["GET"]}}],"collection":[{"href":"https:\/\/zjarr.tv\/sq\/wp-json\/wp\/v2\/posts"}],"about":[{"href":"https:\/\/zjarr.tv\/sq\/wp-json\/wp\/v2\/types\/post"}],"author":[{"embeddable":true,"href":"https:\/\/zjarr.tv\/sq\/wp-json\/wp\/v2\/users\/2031"}],"replies":[{"embeddable":true,"href":"https:\/\/zjarr.tv\/sq\/wp-json\/wp\/v2\/comments?post=266893"}],"version-history":[{"count":0,"href":"https:\/\/zjarr.tv\/sq\/wp-json\/wp\/v2\/posts\/266893\/revisions"}],"wp:featuredmedia":[{"embeddable":true,"href":"https:\/\/zjarr.tv\/sq\/wp-json\/wp\/v2\/media\/266894"}],"wp:attachment":[{"href":"https:\/\/zjarr.tv\/sq\/wp-json\/wp\/v2\/media?parent=266893"}],"wp:term":[{"taxonomy":"category","embeddable":true,"href":"https:\/\/zjarr.tv\/sq\/wp-json\/wp\/v2\/categories?post=266893"},{"taxonomy":"post_tag","embeddable":true,"href":"https:\/\/zjarr.tv\/sq\/wp-json\/wp\/v2\/tags?post=266893"}],"curies":[{"name":"wp","href":"https:\/\/api.w.org\/{rel}","templated":true}]}}