{"id":266902,"date":"2022-06-29T09:18:43","date_gmt":"2022-06-29T07:18:43","guid":{"rendered":"https:\/\/zjarr.tv\/?p=266902"},"modified":"2022-06-29T09:18:43","modified_gmt":"2022-06-29T07:18:43","slug":"i-shoqeruar-nga-xhacka-dhe-peleshi-rama-merr-pjese-ne-samitin-e-nato-s-ne-madrid-agjenda","status":"publish","type":"post","link":"https:\/\/zjarr.tv\/sq\/i-shoqeruar-nga-xhacka-dhe-peleshi-rama-merr-pjese-ne-samitin-e-nato-s-ne-madrid-agjenda\/","title":{"rendered":"I shoq\u00ebruar nga Xha\u00e7ka dhe Peleshi, Rama merr pjes\u00eb n\u00eb Samitin e NATO-s n\u00eb Madrid (Agjenda)"},"content":{"rendered":"<p>Kryeministri Edi Rama ndodhet p\u00ebr nj\u00eb vizit\u00eb zyrtare n\u00eb Spanj\u00eb  ku dit\u00ebn e sotme dhe n\u00ebser do t\u00eb marr\u00eb pjes\u00eb n\u00eb punimet e Samiitit t\u00eb NATO-s i cili do t\u00eb mbahet n\u00eb Madrid.<\/p>\n<p>Dit\u00ebn e sotme kryeministri i Shqiperis\u00eb, s\u00eb bashku me pjes\u00ebmarr\u00ebsit e tjer\u00eb n\u00eb Samit  do t\u00eb mir\u00ebpriten nga Sekretari i P\u00ebrgjithsh\u00ebm i NATO-s  Jens Stoltenberg dhe Presidenti i qeveris\u00eb s\u00eb Mbret\u00ebris\u00eb s\u00eb Spanj\u00ebs Pedro Sanchez.<\/p>\n<p>N\u00eb vijim, do t\u00eb ndjek\u00eb seanc\u00ebn plenare t\u00eb Samitit, ku t\u00eb pranish\u00ebm do t\u00eb jen\u00eb edhe ministrja p\u00ebr Evrop\u00ebn dhe Pun\u00ebt e Jashtme Olta Xha\u00e7ka dhe ministri i Mbrojtjes Niko Peleshi.<\/p>\n<p>Fjala e hapjes s\u00eb Samitit do t\u00eb mbahet nga Sekretari i P\u00ebrgjithsh\u00ebm i NATO-s  z. Jens Stoltenberg, nd\u00ebrsa Presidenti i qeveris\u00eb s\u00eb Mbret\u00ebris\u00eb s\u00eb Spanj\u00ebs Pedro Sanchez, do t\u00eb mbaj\u00eb nj\u00eb fjal\u00eb p\u00ebrsh\u00ebndet\u00ebse.<\/p>\n<p>Samitin do t\u2019i adresohet online edhe Presidenti i Ukrain\u00ebs Volodymyr Zelensky.<\/p>\n<p>Pas p\u00ebrfundimit t\u00eb seanc\u00ebs plenare, kryetar\u00ebt e shteteve dhe t\u00eb qeverive, pjes\u00ebmarr\u00ebs n\u00eb Samit do t\u00eb vizitojn\u00eb  ekspozit\u00ebn e teknologjis\u00eb s\u00eb NATO-s.<\/p>\n<p>Pritet q\u00eb pasditen e k\u00ebsaj t\u00eb m\u00ebrkure, Rama dhe bashk\u00ebshortja e tij, Linda Rama, do t\u00eb vizitojn\u00eb Muzeun Komb\u00ebtar Prado, n\u00eb Madrid, e m\u00eb pas kryeministri do t\u00eb marr\u00eb pjes\u00eb n\u00eb dark\u00ebn e shtruar nga Presidenti i qeveris\u00eb s\u00eb Mbret\u00ebris\u00eb s\u00eb Spanj\u00ebs Pedro Sanchez.<\/p>\n<p>Samiti i NATO-s do t\u00eb vijoj\u00eb punimet t\u00eb enjten, n\u00eb dit\u00ebn e dyt\u00eb t\u00eb tij, ku Kryeministri Edi Rama do t\u00eb marr\u00eb pjes\u00eb, s\u00eb bashku me ministren p\u00ebr Europ\u00ebn dhe Pun\u00ebt e Jashtme Olta Xha\u00e7ka dhe Ministrin e Mbrojtjes Niko Peleshi.<\/p>\n<p>N\u00eb k\u00ebt\u00eb seanc\u00eb, Samitit do t\u2019i drejtohet edhe Presidenti i Asambles\u00eb Parlamentare t\u00eb NATO-s Gerald Connolly.<\/p>\n<p>N\u00eb dit\u00ebn e dyt\u00eb t\u00eb punimeve t\u00eb Samitit, Rama do t\u00eb zhvilloj\u00eb nj\u00eb takim bilateral me Kryeministren e Suedis\u00eb Magdalena Andersson.<\/p>\n<p>N\u00eb p\u00ebrfundim, kryeministri do t\u00eb marr\u00eb pjes\u00eb n\u00eb ceremonin\u00eb e n\u00ebnshkrimit t\u00eb marr\u00ebveshjes me Enag\u00e1s, e cila \u00ebsht\u00eb nj\u00eb kompani spanjolle energjetike dhe operator evropian i sistemit t\u00eb transmetimit, i cili zot\u00ebron dhe operon rrjetin e gazit t\u00eb Spanj\u00ebs.<\/p>\n","protected":false},"excerpt":{"rendered":"<p>Kryeministri Edi Rama ndodhet p\u00ebr nj\u00eb vizit\u00eb zyrtare n\u00eb Spanj\u00eb ku dit\u00ebn e sotme dhe n\u00ebser do t\u00eb marr\u00eb pjes\u00eb n\u00eb punimet e Samiitit t\u00eb NATO-s i cili do t\u00eb mbahet n\u00eb Madrid. Dit\u00ebn e sotme kryeministri i Shqiperis\u00eb, s\u00eb bashku me pjes\u00ebmarr\u00ebsit e tjer\u00eb n\u00eb Samit do t\u00eb mir\u00ebpriten nga Sekretari i P\u00ebrgjithsh\u00ebm i [&hellip;]<\/p>\n","protected":false},"author":2031,"featured_media":266903,"comment_status":"closed","ping_status":"closed","sticky":false,"template":"","format":"standard","meta":{"footnotes":""},"categories":[241,231,235],"tags":[],"class_list":{"0":"post-266902","1":"post","2":"type-post","3":"status-publish","4":"format-standard","5":"has-post-thumbnail","7":"category-aktualitet","8":"category-lajme","9":"category-vendi"},"_links":{"self":[{"href":"https:\/\/zjarr.tv\/sq\/wp-json\/wp\/v2\/posts\/266902","targetHints":{"allow":["GET"]}}],"collection":[{"href":"https:\/\/zjarr.tv\/sq\/wp-json\/wp\/v2\/posts"}],"about":[{"href":"https:\/\/zjarr.tv\/sq\/wp-json\/wp\/v2\/types\/post"}],"author":[{"embeddable":true,"href":"https:\/\/zjarr.tv\/sq\/wp-json\/wp\/v2\/users\/2031"}],"replies":[{"embeddable":true,"href":"https:\/\/zjarr.tv\/sq\/wp-json\/wp\/v2\/comments?post=266902"}],"version-history":[{"count":0,"href":"https:\/\/zjarr.tv\/sq\/wp-json\/wp\/v2\/posts\/266902\/revisions"}],"wp:featuredmedia":[{"embeddable":true,"href":"https:\/\/zjarr.tv\/sq\/wp-json\/wp\/v2\/media\/266903"}],"wp:attachment":[{"href":"https:\/\/zjarr.tv\/sq\/wp-json\/wp\/v2\/media?parent=266902"}],"wp:term":[{"taxonomy":"category","embeddable":true,"href":"https:\/\/zjarr.tv\/sq\/wp-json\/wp\/v2\/categories?post=266902"},{"taxonomy":"post_tag","embeddable":true,"href":"https:\/\/zjarr.tv\/sq\/wp-json\/wp\/v2\/tags?post=266902"}],"curies":[{"name":"wp","href":"https:\/\/api.w.org\/{rel}","templated":true}]}}