{"id":266907,"date":"2022-06-29T09:21:02","date_gmt":"2022-06-29T07:21:02","guid":{"rendered":"https:\/\/zjarr.tv\/?p=266907"},"modified":"2022-06-29T09:21:02","modified_gmt":"2022-06-29T07:21:02","slug":"protesta-e-7-korrikut-ylli-manjani-populli-nuk-e-ka-gojen-vetem-per-buke","status":"publish","type":"post","link":"https:\/\/zjarr.tv\/sq\/protesta-e-7-korrikut-ylli-manjani-populli-nuk-e-ka-gojen-vetem-per-buke\/","title":{"rendered":"Protesta e 7 korrikut, Ylli Manjani: Populli nuk e ka goj\u00ebn vet\u00ebm p\u00ebr buk\u00eb"},"content":{"rendered":"<p>Ish-ministri Ylli Manjani, ka folur p\u00ebr arsyet se p\u00ebrse sipas tij shqiptar\u00ebt duhet t\u00eb dalin masivisht n\u00eb protest\u00ebn e 7 korrikut t\u00eb thirrur nga Sali Berisha. Ai thot\u00eb se t\u00eb gjitha temat q\u00eb diskutohen sot jan\u00eb arsye p\u00ebr t\u00eb dal\u00eb n\u00eb protest\u00eb.<\/p>\n<p>I ftuar n\u00eb \u201cA Show\u201d, ish-ministri i ka k\u00ebrkuar Ram\u00ebs q\u00eb t\u00eb ul\u00eb edhe \u00e7mimet pasi shqiptar\u00ebt nuk kan\u00eb nevoj\u00eb vet\u00ebm p\u00ebr buk\u00eb.<\/p>\n<p> \u201cHalli q\u00eb kemi sot \u00ebsht\u00eb tok\u00ebsore, po e p\u00ebrs\u00ebris, edhe Rama kryeministri i Shqip\u00ebris\u00eb q\u00eb \u00ebsht\u00eb dashnori, ideatori themeluesi i Ballkanit t\u00eb Hapur t\u00eb na e b\u00ebj\u00eb \u00e7mimin e naft\u00ebs sa Ballkani i Hapur. Se goj\u00ebn njer\u00ebzit nuk e kan\u00eb vet\u00ebm p\u00ebr buk\u00eb, se ka gjetur ky ca miell n\u00ebp\u00ebrmjet Rusis\u00eb q\u00eb t\u00eb vij\u00eb nga Vu\u00e7i\u00e7i, dhe ne hakemi buk\u00eb.<\/p>\n<p>N\u00eb rregull por goja nuk \u00ebsht\u00eb vet\u00ebm p\u00ebr buk\u00eb, \u00ebsht\u00eb edhe p\u00ebr t\u00eb folur p\u00ebr t\u00eb protestuar. Dhe arsyet p\u00ebr t\u00eb protestuar jan\u00eb t\u00eb gjitha k\u00ebto q\u00eb kemi folur deri tani. Por me nj\u00eb furgon me polic\u00eb t\u00eb bie prona, po si mor nuk ekziston prona. K\u00ebtu \u00ebsht\u00eb katrahur\u00eb\u201d, u shpreh Ylli Manjani.<\/p>\n","protected":false},"excerpt":{"rendered":"<p>Ish-ministri Ylli Manjani, ka folur p\u00ebr arsyet se p\u00ebrse sipas tij shqiptar\u00ebt duhet t\u00eb dalin masivisht n\u00eb protest\u00ebn e 7 korrikut t\u00eb thirrur nga Sali Berisha. Ai thot\u00eb se t\u00eb gjitha temat q\u00eb diskutohen sot jan\u00eb arsye p\u00ebr t\u00eb dal\u00eb n\u00eb protest\u00eb. I ftuar n\u00eb \u201cA Show\u201d, ish-ministri i ka k\u00ebrkuar Ram\u00ebs q\u00eb t\u00eb ul\u00eb [&hellip;]<\/p>\n","protected":false},"author":2031,"featured_media":185682,"comment_status":"closed","ping_status":"closed","sticky":false,"template":"","format":"standard","meta":{"footnotes":""},"categories":[241,231,235],"tags":[],"class_list":{"0":"post-266907","1":"post","2":"type-post","3":"status-publish","4":"format-standard","5":"has-post-thumbnail","7":"category-aktualitet","8":"category-lajme","9":"category-vendi"},"_links":{"self":[{"href":"https:\/\/zjarr.tv\/sq\/wp-json\/wp\/v2\/posts\/266907","targetHints":{"allow":["GET"]}}],"collection":[{"href":"https:\/\/zjarr.tv\/sq\/wp-json\/wp\/v2\/posts"}],"about":[{"href":"https:\/\/zjarr.tv\/sq\/wp-json\/wp\/v2\/types\/post"}],"author":[{"embeddable":true,"href":"https:\/\/zjarr.tv\/sq\/wp-json\/wp\/v2\/users\/2031"}],"replies":[{"embeddable":true,"href":"https:\/\/zjarr.tv\/sq\/wp-json\/wp\/v2\/comments?post=266907"}],"version-history":[{"count":0,"href":"https:\/\/zjarr.tv\/sq\/wp-json\/wp\/v2\/posts\/266907\/revisions"}],"wp:featuredmedia":[{"embeddable":true,"href":"https:\/\/zjarr.tv\/sq\/wp-json\/wp\/v2\/media\/185682"}],"wp:attachment":[{"href":"https:\/\/zjarr.tv\/sq\/wp-json\/wp\/v2\/media?parent=266907"}],"wp:term":[{"taxonomy":"category","embeddable":true,"href":"https:\/\/zjarr.tv\/sq\/wp-json\/wp\/v2\/categories?post=266907"},{"taxonomy":"post_tag","embeddable":true,"href":"https:\/\/zjarr.tv\/sq\/wp-json\/wp\/v2\/tags?post=266907"}],"curies":[{"name":"wp","href":"https:\/\/api.w.org\/{rel}","templated":true}]}}