{"id":266910,"date":"2022-06-29T09:40:18","date_gmt":"2022-06-29T07:40:18","guid":{"rendered":"https:\/\/zjarr.tv\/?p=266910"},"modified":"2022-06-29T09:40:18","modified_gmt":"2022-06-29T07:40:18","slug":"i-vendosen-tritol-poshte-range-rover-it-flet-suida-kuka-nuk-kam-konflikte-me-askend","status":"publish","type":"post","link":"https:\/\/zjarr.tv\/sq\/i-vendosen-tritol-poshte-range-rover-it-flet-suida-kuka-nuk-kam-konflikte-me-askend\/","title":{"rendered":"I vendos\u00ebn tritol posht\u00eb \u201cRange Rover-it\u201d, flet Suida Kuka: Nuk kam konflikte me ask\u00ebnd"},"content":{"rendered":"<p>N\u00eb d\u00ebshmin\u00eb e saj drejtoresha e Operatorit t\u00eb Kujdesit Shendet\u00ebsor n\u00eb Shkod\u00ebr, Suida Kuka, \u00ebsht\u00eb shprehur se nuk ka asnj\u00eb konflikt.<\/p>\n<p>Dit\u00ebn e djeshme Kuka dyshohet se ka qen\u00eb sh\u00ebnjestra e nj\u00eb atentati me tritol pasi n\u00eb mjetin e saj tip \u201cRange Rover\u201d u gjet nj\u00eb sasi l\u00ebnde plas\u00ebse.<\/p>\n<p>Tritoli ishte i mb\u00ebshtjell\u00eb me nj\u00eb qes\u00eb kroesant\u00ebsh \u201cMolto\u201d, dhe sipas grupit hetimor kishte t\u00eb integruar edhe pajisjen e telekomandimit t\u00eb shp\u00ebrthimit.<\/p>\n<p>Ishte vet\u00eb Suida Kuka ajo e cila lajm\u00ebroi policin\u00eb pasi kishte kuptuar q\u00eb posht\u00eb mjetit t\u00eb sak kishte nj\u00eb pako t\u00eb dyshimt\u00eb. Men\u00ebher\u00eb forcat e policin\u00eb rrethuan perimetrin dhe evakuuan punonj\u00ebsit e godin\u00ebs s\u00eb Drejtoris\u00eb s\u00eb Sh\u00ebndetit Publik n\u00eb Shkod\u00ebr.<\/p>\n<p>Nd\u00ebroh\u00eb, autoritetet po shohin dhe kamerat e bizneseve t\u00eb zon\u00ebs dhe te godin\u00ebs se DSHP p\u00ebr t\u00eb b\u00ebr\u00eb t\u00eb mundur identifikimin e autorit t\u00eb vendosjes s\u00eb pakos me tritol.<\/p>\n","protected":false},"excerpt":{"rendered":"<p>N\u00eb d\u00ebshmin\u00eb e saj drejtoresha e Operatorit t\u00eb Kujdesit Shendet\u00ebsor n\u00eb Shkod\u00ebr, Suida Kuka, \u00ebsht\u00eb shprehur se nuk ka asnj\u00eb konflikt. Dit\u00ebn e djeshme Kuka dyshohet se ka qen\u00eb sh\u00ebnjestra e nj\u00eb atentati me tritol pasi n\u00eb mjetin e saj tip \u201cRange Rover\u201d u gjet nj\u00eb sasi l\u00ebnde plas\u00ebse. Tritoli ishte i mb\u00ebshtjell\u00eb me nj\u00eb [&hellip;]<\/p>\n","protected":false},"author":2031,"featured_media":266911,"comment_status":"closed","ping_status":"closed","sticky":false,"template":"","format":"standard","meta":{"footnotes":""},"categories":[241,231,235],"tags":[],"class_list":{"0":"post-266910","1":"post","2":"type-post","3":"status-publish","4":"format-standard","5":"has-post-thumbnail","7":"category-aktualitet","8":"category-lajme","9":"category-vendi"},"_links":{"self":[{"href":"https:\/\/zjarr.tv\/sq\/wp-json\/wp\/v2\/posts\/266910","targetHints":{"allow":["GET"]}}],"collection":[{"href":"https:\/\/zjarr.tv\/sq\/wp-json\/wp\/v2\/posts"}],"about":[{"href":"https:\/\/zjarr.tv\/sq\/wp-json\/wp\/v2\/types\/post"}],"author":[{"embeddable":true,"href":"https:\/\/zjarr.tv\/sq\/wp-json\/wp\/v2\/users\/2031"}],"replies":[{"embeddable":true,"href":"https:\/\/zjarr.tv\/sq\/wp-json\/wp\/v2\/comments?post=266910"}],"version-history":[{"count":0,"href":"https:\/\/zjarr.tv\/sq\/wp-json\/wp\/v2\/posts\/266910\/revisions"}],"wp:featuredmedia":[{"embeddable":true,"href":"https:\/\/zjarr.tv\/sq\/wp-json\/wp\/v2\/media\/266911"}],"wp:attachment":[{"href":"https:\/\/zjarr.tv\/sq\/wp-json\/wp\/v2\/media?parent=266910"}],"wp:term":[{"taxonomy":"category","embeddable":true,"href":"https:\/\/zjarr.tv\/sq\/wp-json\/wp\/v2\/categories?post=266910"},{"taxonomy":"post_tag","embeddable":true,"href":"https:\/\/zjarr.tv\/sq\/wp-json\/wp\/v2\/tags?post=266910"}],"curies":[{"name":"wp","href":"https:\/\/api.w.org\/{rel}","templated":true}]}}