{"id":266914,"date":"2022-06-29T09:42:27","date_gmt":"2022-06-29T07:42:27","guid":{"rendered":"https:\/\/zjarr.tv\/?p=266914"},"modified":"2022-06-29T09:42:27","modified_gmt":"2022-06-29T07:42:27","slug":"rrefehet-fidel-ylli-si-me-bindi-edi-rama-me-dy-fjale-ti-futesha-politikes-isha-biznesmen-dhe-familjen-e-kisha-ne-amerike","status":"publish","type":"post","link":"https:\/\/zjarr.tv\/sq\/rrefehet-fidel-ylli-si-me-bindi-edi-rama-me-dy-fjale-ti-futesha-politikes-isha-biznesmen-dhe-familjen-e-kisha-ne-amerike\/","title":{"rendered":"Rr\u00ebfehet Fidel Ylli: Si m\u00eb bindi Edi Rama me dy fjal\u00eb t\u2019i futesha politik\u00ebs! Isha biznesmen dhe familjen e kisha n\u00eb Amerik\u00eb"},"content":{"rendered":"<p>Kreu i KOKSH Fidel Ylli, ka rr\u00ebfyer p\u00ebr her\u00eb t\u00eb par\u00eb mbr\u00ebmjen e sotme sesi e bindi kryeministri Edi Rama q\u00eb t\u2019i futej politik\u00ebs vite m\u00eb par\u00eb. AI u bashkua me Partin\u00eb Socialiste u zgjodh deputet i saj, deri kur mori drejtimin Komitetit Olimpik Komb\u00ebtar Shqiptar.<\/p>\n<p>\u201cAto projektet e sportit duhet t\u00eb vish k\u00ebtu n\u00eb krahun tim q\u00eb ti t\u2019i realizosh\u201d, k\u00ebto kan\u00eb qen\u00eb fjal\u00ebt q\u00eb i ka th\u00ebn\u00eb kryeministri Rama. Ylli ka treguar n\u00eb \u201cTop Story\u201d se n\u00eb at\u00eb koh\u00eb ishte biznesmen dhe familjen e kishte n\u00eb Amerik\u00eb, ndaj as e kishte menduar t\u2019i futej politik\u00ebs.<\/p>\n<p> \u201cP\u00ebr sa i p\u00ebrket politik\u00ebs nj\u00eb nga arsyet q\u00eb Edi Rama m\u00eb bindi n\u00eb politik\u00eb ishte thjesht vet\u00ebm sporti. As e mendoja kurr\u00eb q\u00eb nj\u00eb biznesmen, familjen e kishte n\u00eb Amerik\u00eb t\u2019i hynte politik\u00ebs dhe k\u00ebsaj politike q\u00eb \u00ebsht\u00eb n\u00eb Shqip\u00ebri, por m\u00eb bindi me dy fjal\u00eb: \u201cAto projektet e sportit duhet t\u00eb vish k\u00ebtu n\u00eb krahun tim q\u00eb ti t\u2019i realizosh\u201d. U b\u00ebn\u00eb disa gj\u00ebra q\u00eb nuk ishin b\u00ebr\u00eb p\u00ebr 100 vjet n\u00eb Shqip\u00ebri.<\/p>\n<p>U b\u00ebn\u00eb dy qendra olimpike, kjo q\u00eb jemi dhe qendra e Kor\u00e7\u00ebs. U b\u00ebn\u00eb kat\u00ebr stadiume q\u00eb s\u2019ishin b\u00ebr\u00eb n\u00eb historin\u00eb e Shqip\u00ebris\u00eb, u b\u00ebn\u00eb 100 palestra q\u00eb s\u2019ishin b\u00ebr\u00eb n\u00eb 100 vjet dhe u dhan\u00eb 5 milion\u00eb dollar\u00eb p\u00ebr sportin.<\/p>\n<p>K\u00ebto ishin si pasoj\u00eb e nxitjes sime p\u00ebr t\u00eb futur fjal\u00ebn sport n\u00eb qeveri dhe parlament, se n\u00eb fund t\u00eb fundit sporti nuk \u00ebsht\u00eb nj\u00eb gar\u00eb q\u00eb kush fiton dhe del i pari, sporti n\u00eb vizionin tim \u00ebsht\u00eb cil\u00ebsi jete, edukim, imazhi i vendit, sportist\u00ebt jan\u00eb ambasador\u00ebt tan\u00eb m\u00eb t\u00eb mir\u00eb, sporti \u00ebsht\u00eb edhe politik\u00eb\u201d, u shpreh Fidel Ylli, kreu i KOKSH.<\/p>\n","protected":false},"excerpt":{"rendered":"<p>Kreu i KOKSH Fidel Ylli, ka rr\u00ebfyer p\u00ebr her\u00eb t\u00eb par\u00eb mbr\u00ebmjen e sotme sesi e bindi kryeministri Edi Rama q\u00eb t\u2019i futej politik\u00ebs vite m\u00eb par\u00eb. AI u bashkua me Partin\u00eb Socialiste u zgjodh deputet i saj, deri kur mori drejtimin Komitetit Olimpik Komb\u00ebtar Shqiptar. \u201cAto projektet e sportit duhet t\u00eb vish k\u00ebtu n\u00eb [&hellip;]<\/p>\n","protected":false},"author":2031,"featured_media":266915,"comment_status":"closed","ping_status":"closed","sticky":false,"template":"","format":"standard","meta":{"footnotes":""},"categories":[241,231,235],"tags":[],"class_list":{"0":"post-266914","1":"post","2":"type-post","3":"status-publish","4":"format-standard","5":"has-post-thumbnail","7":"category-aktualitet","8":"category-lajme","9":"category-vendi"},"_links":{"self":[{"href":"https:\/\/zjarr.tv\/sq\/wp-json\/wp\/v2\/posts\/266914","targetHints":{"allow":["GET"]}}],"collection":[{"href":"https:\/\/zjarr.tv\/sq\/wp-json\/wp\/v2\/posts"}],"about":[{"href":"https:\/\/zjarr.tv\/sq\/wp-json\/wp\/v2\/types\/post"}],"author":[{"embeddable":true,"href":"https:\/\/zjarr.tv\/sq\/wp-json\/wp\/v2\/users\/2031"}],"replies":[{"embeddable":true,"href":"https:\/\/zjarr.tv\/sq\/wp-json\/wp\/v2\/comments?post=266914"}],"version-history":[{"count":0,"href":"https:\/\/zjarr.tv\/sq\/wp-json\/wp\/v2\/posts\/266914\/revisions"}],"wp:featuredmedia":[{"embeddable":true,"href":"https:\/\/zjarr.tv\/sq\/wp-json\/wp\/v2\/media\/266915"}],"wp:attachment":[{"href":"https:\/\/zjarr.tv\/sq\/wp-json\/wp\/v2\/media?parent=266914"}],"wp:term":[{"taxonomy":"category","embeddable":true,"href":"https:\/\/zjarr.tv\/sq\/wp-json\/wp\/v2\/categories?post=266914"},{"taxonomy":"post_tag","embeddable":true,"href":"https:\/\/zjarr.tv\/sq\/wp-json\/wp\/v2\/tags?post=266914"}],"curies":[{"name":"wp","href":"https:\/\/api.w.org\/{rel}","templated":true}]}}