{"id":266918,"date":"2022-06-29T09:45:31","date_gmt":"2022-06-29T07:45:31","guid":{"rendered":"https:\/\/zjarr.tv\/?p=266918"},"modified":"2022-06-29T09:45:31","modified_gmt":"2022-06-29T07:45:31","slug":"nard-ndoka-ironizon-keq-bashen-i-shkoi-jeta-duke-sabotu-protestat-lulit-ftyre-mt","status":"publish","type":"post","link":"https:\/\/zjarr.tv\/sq\/nard-ndoka-ironizon-keq-bashen-i-shkoi-jeta-duke-sabotu-protestat-lulit-ftyre-mt\/","title":{"rendered":"Nard Ndoka ironizon keq Bash\u00ebn: I shkoi jeta duke sabotu protestat Lulit, ftyr\u00eb m*t"},"content":{"rendered":"<p>Kreu i demokristian\u00ebve Nard Ndoka, ka ironizuar keq is\u00ebh-kryetarin e PD Lulzim Basha. P\u00ebrmes nj\u00eb sh\u00ebnimi n\u00eb rrjetin social twitter, ai e quan Bash\u00ebn \u201cfytyr\u00eb m*\u201d.<\/p>\n<p>\u201cI shkoj jeta Lulit duke sabotu protestat kund\u00ebr Ram\u00ebs. Prap ti mor ftyr\u00eb mut\u201d, shkruan Nard Ndoka. M\u00eb 7 korrik ish-kryeministri Sali Berisha ka njoftuar mbajtjen e nj\u00eb proteste n\u00eb Tiran\u00eb dhe deri tani zyrtarisht afrimin dhe LSI me kryetare Monika Kryemadhin.<\/p>\n","protected":false},"excerpt":{"rendered":"<p>Kreu i demokristian\u00ebve Nard Ndoka, ka ironizuar keq is\u00ebh-kryetarin e PD Lulzim Basha. P\u00ebrmes nj\u00eb sh\u00ebnimi n\u00eb rrjetin social twitter, ai e quan Bash\u00ebn \u201cfytyr\u00eb m*\u201d. \u201cI shkoj jeta Lulit duke sabotu protestat kund\u00ebr Ram\u00ebs. Prap ti mor ftyr\u00eb mut\u201d, shkruan Nard Ndoka. M\u00eb 7 korrik ish-kryeministri Sali Berisha ka njoftuar mbajtjen e nj\u00eb proteste [&hellip;]<\/p>\n","protected":false},"author":2031,"featured_media":266919,"comment_status":"closed","ping_status":"closed","sticky":false,"template":"","format":"standard","meta":{"footnotes":""},"categories":[241,231,235],"tags":[],"class_list":{"0":"post-266918","1":"post","2":"type-post","3":"status-publish","4":"format-standard","5":"has-post-thumbnail","7":"category-aktualitet","8":"category-lajme","9":"category-vendi"},"_links":{"self":[{"href":"https:\/\/zjarr.tv\/sq\/wp-json\/wp\/v2\/posts\/266918","targetHints":{"allow":["GET"]}}],"collection":[{"href":"https:\/\/zjarr.tv\/sq\/wp-json\/wp\/v2\/posts"}],"about":[{"href":"https:\/\/zjarr.tv\/sq\/wp-json\/wp\/v2\/types\/post"}],"author":[{"embeddable":true,"href":"https:\/\/zjarr.tv\/sq\/wp-json\/wp\/v2\/users\/2031"}],"replies":[{"embeddable":true,"href":"https:\/\/zjarr.tv\/sq\/wp-json\/wp\/v2\/comments?post=266918"}],"version-history":[{"count":0,"href":"https:\/\/zjarr.tv\/sq\/wp-json\/wp\/v2\/posts\/266918\/revisions"}],"wp:featuredmedia":[{"embeddable":true,"href":"https:\/\/zjarr.tv\/sq\/wp-json\/wp\/v2\/media\/266919"}],"wp:attachment":[{"href":"https:\/\/zjarr.tv\/sq\/wp-json\/wp\/v2\/media?parent=266918"}],"wp:term":[{"taxonomy":"category","embeddable":true,"href":"https:\/\/zjarr.tv\/sq\/wp-json\/wp\/v2\/categories?post=266918"},{"taxonomy":"post_tag","embeddable":true,"href":"https:\/\/zjarr.tv\/sq\/wp-json\/wp\/v2\/tags?post=266918"}],"curies":[{"name":"wp","href":"https:\/\/api.w.org\/{rel}","templated":true}]}}