{"id":266922,"date":"2022-06-29T09:47:28","date_gmt":"2022-06-29T07:47:28","guid":{"rendered":"https:\/\/zjarr.tv\/?p=266922"},"modified":"2022-06-29T09:47:28","modified_gmt":"2022-06-29T07:47:28","slug":"lsi-i-bashkohet-protestes-se-berishes-kryemadhi-detyrim-shoqeror-dhe-jo-politik","status":"publish","type":"post","link":"https:\/\/zjarr.tv\/sq\/lsi-i-bashkohet-protestes-se-berishes-kryemadhi-detyrim-shoqeror-dhe-jo-politik\/","title":{"rendered":"LSI i bashkohet protest\u00ebs s\u00eb Berish\u00ebs, Kryemadhi: Detyrim shoq\u00ebror dhe jo politik"},"content":{"rendered":"<p>Monika Kryemadhi ka konfirmuar se Partia L\u00ebvizja Socialiste p\u00ebr Integrim, do t\u2019i  bashkohet protest\u00ebs komb\u00ebtare t\u00eb 7 korrikut, e thirrur nga ish-kryeministri Sali Berisha.  <\/p>\n<p>Ajo u shpreh n\u00eb nj\u00eb intervist\u00eb n\u00eb \u201cTop News\u201d se  pjes\u00ebmarrja n\u00eb k\u00ebt\u00eb protest\u00eb nuk \u00ebsht\u00eb m\u00eb thjesht detyrim politik, por nj\u00eb detyrim shoq\u00ebror.<\/p>\n<p>Kryemadhi shtoi se \u00e7do qytetar dhe aq m\u00eb shum\u00eb ata q\u00eb jan\u00eb aktivist\u00eb t\u00eb partive politike, duhet t\u00eb jen\u00eb pjes\u00eb e protest\u00ebs komb\u00ebtare.<\/p>\n<p>\u201cSot nuk \u00ebsht\u00eb m\u00eb thjesht detyrim politik por detyrim shoq\u00ebror dhe njer\u00ebzor ndaj \u00e7do proteste \u00e7do qytetar dhe aq m\u00eb shum\u00eb ata q\u00eb jan\u00eb aktivist\u00eb t\u00eb partive politike, duhet t\u00eb jen\u00eb pjes\u00eb e protestave. Edhe pse jan\u00eb dit\u00ebt e nxehta t\u00eb korrikut njer\u00ebzit sa jan\u00eb aktiv\u00eb p\u00ebr protest\u00ebn aq dhe m\u00eb shum\u00eb duan dhe t\u00eb din\u00eb hapat e m\u00ebtejsh\u00ebm t\u00eb protest\u00ebs.<\/p>\n<p>Pasojat e zgjedhjeve t\u00eb kaluara ndihen n\u00eb shoq\u00ebrin\u00eb shqiptare, ndihen n\u00eb partit\u00eb politike ndihen n\u00eb media ndihen kudo. Dhe aq m\u00eb shum\u00eb situata politika q\u00eb rrodhi pas 25 prillit, sulmet e nj\u00eb pas nj\u00ebshme p\u00ebr d\u00ebmtimin e opozit\u00ebs. P\u00ebr t\u00eb shfokusuar opinionin publik nga problematikat q\u00eb ka sot shoq\u00ebria shqiptare\u201d, tha Kryemadhi.<\/p>\n","protected":false},"excerpt":{"rendered":"<p>Monika Kryemadhi ka konfirmuar se Partia L\u00ebvizja Socialiste p\u00ebr Integrim, do t\u2019i bashkohet protest\u00ebs komb\u00ebtare t\u00eb 7 korrikut, e thirrur nga ish-kryeministri Sali Berisha. Ajo u shpreh n\u00eb nj\u00eb intervist\u00eb n\u00eb \u201cTop News\u201d se pjes\u00ebmarrja n\u00eb k\u00ebt\u00eb protest\u00eb nuk \u00ebsht\u00eb m\u00eb thjesht detyrim politik, por nj\u00eb detyrim shoq\u00ebror. Kryemadhi shtoi se \u00e7do qytetar dhe aq [&hellip;]<\/p>\n","protected":false},"author":2031,"featured_media":266923,"comment_status":"closed","ping_status":"closed","sticky":false,"template":"","format":"standard","meta":{"footnotes":""},"categories":[241,231,235],"tags":[],"class_list":{"0":"post-266922","1":"post","2":"type-post","3":"status-publish","4":"format-standard","5":"has-post-thumbnail","7":"category-aktualitet","8":"category-lajme","9":"category-vendi"},"_links":{"self":[{"href":"https:\/\/zjarr.tv\/sq\/wp-json\/wp\/v2\/posts\/266922","targetHints":{"allow":["GET"]}}],"collection":[{"href":"https:\/\/zjarr.tv\/sq\/wp-json\/wp\/v2\/posts"}],"about":[{"href":"https:\/\/zjarr.tv\/sq\/wp-json\/wp\/v2\/types\/post"}],"author":[{"embeddable":true,"href":"https:\/\/zjarr.tv\/sq\/wp-json\/wp\/v2\/users\/2031"}],"replies":[{"embeddable":true,"href":"https:\/\/zjarr.tv\/sq\/wp-json\/wp\/v2\/comments?post=266922"}],"version-history":[{"count":0,"href":"https:\/\/zjarr.tv\/sq\/wp-json\/wp\/v2\/posts\/266922\/revisions"}],"wp:featuredmedia":[{"embeddable":true,"href":"https:\/\/zjarr.tv\/sq\/wp-json\/wp\/v2\/media\/266923"}],"wp:attachment":[{"href":"https:\/\/zjarr.tv\/sq\/wp-json\/wp\/v2\/media?parent=266922"}],"wp:term":[{"taxonomy":"category","embeddable":true,"href":"https:\/\/zjarr.tv\/sq\/wp-json\/wp\/v2\/categories?post=266922"},{"taxonomy":"post_tag","embeddable":true,"href":"https:\/\/zjarr.tv\/sq\/wp-json\/wp\/v2\/tags?post=266922"}],"curies":[{"name":"wp","href":"https:\/\/api.w.org\/{rel}","templated":true}]}}