{"id":266936,"date":"2022-06-29T10:30:36","date_gmt":"2022-06-29T08:30:36","guid":{"rendered":"https:\/\/zjarr.tv\/?p=266936"},"modified":"2022-06-29T10:30:36","modified_gmt":"2022-06-29T08:30:36","slug":"detaje-nga-protesta-e-7-korrikut-zbulohet-levizja-e-fundit-ne-seline-blu","status":"publish","type":"post","link":"https:\/\/zjarr.tv\/sq\/detaje-nga-protesta-e-7-korrikut-zbulohet-levizja-e-fundit-ne-seline-blu\/","title":{"rendered":"Detaje nga protesta e 7 korrikut, zbulohet l\u00ebvizja e fundit n\u00eb selin\u00eb blu"},"content":{"rendered":"<p>Partia Demokratike ka b\u00ebr\u00eb l\u00ebvizjen e radh\u00ebs pak dit\u00eb nga protesta e thirrur nga Sali Berisha m\u00eb 7 korrik n\u00eb or\u00ebn 19:00 n\u00eb Tiran\u00eb.<\/p>\n<p>P\u00ebrmes nj\u00eb njoftimi  zyrtar PD ka b\u00ebr\u00eb me dije se do t\u00eb hap\u00eb selin\u00eb dhe foltoren e saj p\u00ebr shqiptar\u00ebt.<\/p>\n<p>Sipas tyre qytetar\u00ebt do t\u00eb ken\u00eb mund\u00ebsin\u00eb q\u00eb t\u00eb shprehin shqet\u00ebsimet e tyre drejtp\u00ebrdrejt\u00eb dhe jo n\u00ebp\u00ebrmjet p\u00ebrfaq\u00ebsuesve politike.<\/p>\n<p>Gjithashtu p\u00ebrmes k\u00ebtij njoftimi PD fton t\u00eb gjith\u00eb qytetar\u00ebt q\u00eb duan t\u00eb ngren\u00eb z\u00ebrin, t\u00eb bashkohen \u00e7do dit\u00eb n\u00eb foltoren e selis\u00eb dhe m\u00eb pas n\u00eb 7 korrik t\u00eb dalin t\u00eb gjith\u00eb t\u00eb bashkuar n\u00eb shesh.<\/p>\n<p>Kujtojm\u00eb se dit\u00ebn e djeshme PD zbuloi dhe sloganin e protest\u00ebs i cili \u00ebsht\u00eb: Shqip\u00ebria n\u00eb rrezik, mos thuaj \u00e7\u2019m\u00eb duhet mua.<\/p>\n<p>Njoftimi i plote:<\/p>\n<p>Partia Demokratike me iden\u00eb e hapjes ndaj shoq\u00ebris\u00eb, dhe n\u00eb p\u00ebrgatitje p\u00ebr frym\u00ebn popullore t\u00eb protest\u00ebs s\u00eb 7 korrikut, do t\u00eb hap\u00eb selin\u00eb dhe foltoren e saj p\u00ebr shqiptar\u00ebt.<\/p>\n<p>P\u00ebr her\u00eb t\u00eb par\u00eb, t\u00eb rinj e t\u00eb reja, burra e gra, profesionist\u00eb dhe fermer\u00eb, njer\u00ebz nga t\u00eb gjitha fushat e shoq\u00ebris\u00eb, do t\u00eb hyjn\u00eb n\u00eb seli p\u00ebr t\u00eb shpallur shqet\u00ebsimet  e tyre personalisht, dhe jo n\u00ebp\u00ebrmjet p\u00ebrfaq\u00ebsuesve politik\u00eb.<\/p>\n<p>Partia Demokratike, n\u00eb kontrat\u00ebn e re sociale me shoq\u00ebrin\u00eb, fton t\u00eb gjith\u00eb shqiptar\u00ebt q\u00eb duan t\u00eb ngren\u00eb z\u00ebrin, t\u00eb na bashkohen \u00e7do dit\u00eb n\u00eb foltoren e selis\u00eb dhe m\u00eb 7 korrik n\u00eb shesh.<\/p>\n","protected":false},"excerpt":{"rendered":"<p>Partia Demokratike ka b\u00ebr\u00eb l\u00ebvizjen e radh\u00ebs pak dit\u00eb nga protesta e thirrur nga Sali Berisha m\u00eb 7 korrik n\u00eb or\u00ebn 19:00 n\u00eb Tiran\u00eb. P\u00ebrmes nj\u00eb njoftimi zyrtar PD ka b\u00ebr\u00eb me dije se do t\u00eb hap\u00eb selin\u00eb dhe foltoren e saj p\u00ebr shqiptar\u00ebt. Sipas tyre qytetar\u00ebt do t\u00eb ken\u00eb mund\u00ebsin\u00eb q\u00eb t\u00eb shprehin shqet\u00ebsimet [&hellip;]<\/p>\n","protected":false},"author":2031,"featured_media":165726,"comment_status":"closed","ping_status":"closed","sticky":false,"template":"","format":"standard","meta":{"footnotes":""},"categories":[241,231,235],"tags":[],"class_list":{"0":"post-266936","1":"post","2":"type-post","3":"status-publish","4":"format-standard","5":"has-post-thumbnail","7":"category-aktualitet","8":"category-lajme","9":"category-vendi"},"_links":{"self":[{"href":"https:\/\/zjarr.tv\/sq\/wp-json\/wp\/v2\/posts\/266936","targetHints":{"allow":["GET"]}}],"collection":[{"href":"https:\/\/zjarr.tv\/sq\/wp-json\/wp\/v2\/posts"}],"about":[{"href":"https:\/\/zjarr.tv\/sq\/wp-json\/wp\/v2\/types\/post"}],"author":[{"embeddable":true,"href":"https:\/\/zjarr.tv\/sq\/wp-json\/wp\/v2\/users\/2031"}],"replies":[{"embeddable":true,"href":"https:\/\/zjarr.tv\/sq\/wp-json\/wp\/v2\/comments?post=266936"}],"version-history":[{"count":0,"href":"https:\/\/zjarr.tv\/sq\/wp-json\/wp\/v2\/posts\/266936\/revisions"}],"wp:featuredmedia":[{"embeddable":true,"href":"https:\/\/zjarr.tv\/sq\/wp-json\/wp\/v2\/media\/165726"}],"wp:attachment":[{"href":"https:\/\/zjarr.tv\/sq\/wp-json\/wp\/v2\/media?parent=266936"}],"wp:term":[{"taxonomy":"category","embeddable":true,"href":"https:\/\/zjarr.tv\/sq\/wp-json\/wp\/v2\/categories?post=266936"},{"taxonomy":"post_tag","embeddable":true,"href":"https:\/\/zjarr.tv\/sq\/wp-json\/wp\/v2\/tags?post=266936"}],"curies":[{"name":"wp","href":"https:\/\/api.w.org\/{rel}","templated":true}]}}