{"id":266939,"date":"2022-06-29T12:04:07","date_gmt":"2022-06-29T10:04:07","guid":{"rendered":"https:\/\/zjarr.tv\/?p=266939"},"modified":"2022-06-29T12:04:07","modified_gmt":"2022-06-29T10:04:07","slug":"erdogan-hoqi-veton-per-finlanden-dhe-suedine-reagon-kim-putin-u-perpoq-ta-dobesonte-nato-me-e-forte-se-kurre","status":"publish","type":"post","link":"https:\/\/zjarr.tv\/sq\/erdogan-hoqi-veton-per-finlanden-dhe-suedine-reagon-kim-putin-u-perpoq-ta-dobesonte-nato-me-e-forte-se-kurre\/","title":{"rendered":"Erdogan hoqi veton p\u00ebr Finland\u00ebn dhe Suedin\u00eb, reagon Kim: Putin u p\u00ebrpoq ta dob\u00ebsonte, NATO m\u00eb e fort\u00eb se kurr\u00eb"},"content":{"rendered":"<p>Ambasadorja e SHBA-ve n\u00eb Tiran\u00eb, Yuri Kim ka reaguar pas heqjes s\u00eb vetos s\u00eb Turqis\u00eb p\u00ebr an\u00ebtar\u00ebsimin e Finland\u00ebs dhe Suedis\u00eb n\u00eb NATO. Kim postoi n\u00eb twitter ku shkruajti se pavar\u00ebsisht p\u00ebrpjekjeve t\u00eb Putin p\u00ebr ta dob\u00ebsuar, tashm\u00eb NATO ishte m\u00eb e fort\u00eb dhe e bashkuar.<\/p>\n<p>\u201cPresidenti Putin donte q\u00eb t\u00eb dob\u00ebsonte NATO-n me k\u00ebt\u00eb luft\u00eb. P\u00ebrkundrazi, NATO \u00ebsht\u00eb m\u00eb e fort\u00eb dhe m\u00eb e bashkuar dhe tashm\u00eb \u00ebsht\u00eb m\u00eb af\u00ebr zgjerimit\u201d \u2013 shkruan Kim.<\/p>\n<p>Turqia vendosi sot t\u00eb mb\u00ebshtes\u00eb an\u00ebtar\u00ebsimin n\u00eb NATO t\u00eb Finland\u00ebs dhe Suedis\u00eb. K\u00ebt\u00eb e ka konfirmuar edhe Presidenti finlandez Sauli Niinisto.<\/p>\n","protected":false},"excerpt":{"rendered":"<p>Ambasadorja e SHBA-ve n\u00eb Tiran\u00eb, Yuri Kim ka reaguar pas heqjes s\u00eb vetos s\u00eb Turqis\u00eb p\u00ebr an\u00ebtar\u00ebsimin e Finland\u00ebs dhe Suedis\u00eb n\u00eb NATO. Kim postoi n\u00eb twitter ku shkruajti se pavar\u00ebsisht p\u00ebrpjekjeve t\u00eb Putin p\u00ebr ta dob\u00ebsuar, tashm\u00eb NATO ishte m\u00eb e fort\u00eb dhe e bashkuar. \u201cPresidenti Putin donte q\u00eb t\u00eb dob\u00ebsonte NATO-n me k\u00ebt\u00eb [&hellip;]<\/p>\n","protected":false},"author":2020,"featured_media":266940,"comment_status":"closed","ping_status":"closed","sticky":false,"template":"","format":"standard","meta":{"footnotes":""},"categories":[241,5380,231],"tags":[],"class_list":{"0":"post-266939","1":"post","2":"type-post","3":"status-publish","4":"format-standard","5":"has-post-thumbnail","7":"category-aktualitet","8":"category-kryesore","9":"category-lajme"},"_links":{"self":[{"href":"https:\/\/zjarr.tv\/sq\/wp-json\/wp\/v2\/posts\/266939","targetHints":{"allow":["GET"]}}],"collection":[{"href":"https:\/\/zjarr.tv\/sq\/wp-json\/wp\/v2\/posts"}],"about":[{"href":"https:\/\/zjarr.tv\/sq\/wp-json\/wp\/v2\/types\/post"}],"author":[{"embeddable":true,"href":"https:\/\/zjarr.tv\/sq\/wp-json\/wp\/v2\/users\/2020"}],"replies":[{"embeddable":true,"href":"https:\/\/zjarr.tv\/sq\/wp-json\/wp\/v2\/comments?post=266939"}],"version-history":[{"count":0,"href":"https:\/\/zjarr.tv\/sq\/wp-json\/wp\/v2\/posts\/266939\/revisions"}],"wp:featuredmedia":[{"embeddable":true,"href":"https:\/\/zjarr.tv\/sq\/wp-json\/wp\/v2\/media\/266940"}],"wp:attachment":[{"href":"https:\/\/zjarr.tv\/sq\/wp-json\/wp\/v2\/media?parent=266939"}],"wp:term":[{"taxonomy":"category","embeddable":true,"href":"https:\/\/zjarr.tv\/sq\/wp-json\/wp\/v2\/categories?post=266939"},{"taxonomy":"post_tag","embeddable":true,"href":"https:\/\/zjarr.tv\/sq\/wp-json\/wp\/v2\/tags?post=266939"}],"curies":[{"name":"wp","href":"https:\/\/api.w.org\/{rel}","templated":true}]}}