{"id":266942,"date":"2022-06-29T12:07:47","date_gmt":"2022-06-29T10:07:47","guid":{"rendered":"https:\/\/zjarr.tv\/?p=266942"},"modified":"2022-06-29T12:07:47","modified_gmt":"2022-06-29T10:07:47","slug":"kryeministri-rama-dhe-bashkeshortja-e-tij-pjese-e-pritjes-se-mbretit-spanjoll-cfare-pritet-te-ndodhe-ne-samitin-dyditor-te-nato-s","status":"publish","type":"post","link":"https:\/\/zjarr.tv\/sq\/kryeministri-rama-dhe-bashkeshortja-e-tij-pjese-e-pritjes-se-mbretit-spanjoll-cfare-pritet-te-ndodhe-ne-samitin-dyditor-te-nato-s\/","title":{"rendered":"Kryeministri Rama dhe bashk\u00ebshortja e tij pjes\u00eb e pritjes s\u00eb mbretit spanjoll, \u00e7far\u00eb pritet t\u00eb ndodh\u00eb n\u00eb samitin dyditor t\u00eb NATO-s"},"content":{"rendered":"<p>Kryeministri Edi Rama ndodhet p\u00ebr nj\u00eb vizit\u00eb zyrtare n\u00eb Spanj\u00eb ku do t\u00eb marr\u00eb pjes\u00eb n\u00eb punimet e Samitit t\u00eb NATO-s q\u00eb do t\u00eb zhvillohet dit\u00ebn e m\u00ebrkur\u00eb dhe t\u00eb enjte n\u00eb Madrid.<\/p>\n<p>Kryeministri Edi Rama dhe bashk\u00ebshortja e tij Linda Rama ishin t\u00eb ftuar dje n\u00eb dark\u00ebn mbret\u00ebrore gala organizuar nga Mbreti Felipe VI i Spanj\u00ebs dhe Mbret\u00ebresha Letizia n\u00eb Pallatin Mbret\u00ebror t\u00eb Madridit, ku mor\u00ebn pjes\u00eb kryetar\u00ebt e qeverive dhe t\u00eb shteteve an\u00ebtare t\u00eb NATO-s.<\/p>\n<p>Dit\u00ebn e m\u00ebrkur\u00eb, Kryeministri Rama, s\u00eb bashku me pjes\u00ebmarr\u00ebsit e tjer\u00eb n\u00eb Samit\u00a0 do t\u00ebmir\u00ebpriten nga Sekretari i P\u00ebrgjithsh\u00ebm i NATO-s z. Jens Stoltenberg dhe Presidenti i qeveris\u00eb s\u00eb Mbret\u00ebris\u00eb s\u00eb Spanj\u00ebs Pedro Sanchez.<\/p>\n<p>N\u00eb vijim, Kryeministri Rama do t\u00eb ndjek\u00eb seanc\u00ebn plenare t\u00eb Samitit, ku t\u00eb pranish\u00ebm do t\u00eb jen\u00eb edhe Ministrja p\u00ebr Evrop\u00ebn dhe Pun\u00ebt e Jashtme Olta Xha\u00e7ka dhe Ministri i Mbrojtjes Niko Peleshi.<\/p>\n<p>Fjala e hapjes s\u00eb Samitit do t\u00eb mbahet nga Sekretari i P\u00ebrgjithsh\u00ebm i NATO-s\u00a0 z. Jens Stoltenberg, nd\u00ebrsa Presidenti i qeveris\u00eb s\u00eb Mbret\u00ebris\u00eb s\u00eb Spanj\u00ebs Pedro Sanchez, do t\u00eb mbaj\u00eb nj\u00eb fjal\u00eb p\u00ebrsh\u00ebndet\u00ebse.<\/p>\n<p>Samitin do t\u2019i adresohet online edhe Presidenti i Ukrain\u00ebs Volodymyr Zelensky. Pas p\u00ebrfundimit t\u00eb seanc\u00ebs plenare, kryetar\u00ebt e shteteve dhe t\u00eb qeverive, pjes\u00ebmarr\u00ebs n\u00eb Samit do t\u00eb vizitojn\u00eb\u00a0 ekspozit\u00ebn e teknologjis\u00eb s\u00eb NATO-s.<\/p>\n<p>Pasditen e s\u00eb m\u00ebrkur\u00ebs, Kryeministri Rama dhe bashk\u00ebshortja e tij Linda Rama do t\u00eb vizitojn\u00eb Muzeun Komb\u00ebtar Prado, n\u00eb Madrid, e m\u00eb pas kryeministri Rama do t\u00eb marr\u00eb pjes\u00eb n\u00eb dark\u00ebn e shtruar nga Presidenti i qeveris\u00eb s\u00eb Mbret\u00ebris\u00eb s\u00eb Spanj\u00ebs Pedro Sanchez.<\/p>\n<p>Samiti i NATO-s do t\u00eb vijoj\u00eb punimet t\u00eb enjten, n\u00eb dit\u00ebn e dyt\u00eb t\u00eb tij, ku Kryeministri Edi Rama do t\u00eb marr\u00eb pjes\u00eb, s\u00eb bashku me Ministren p\u00ebr Europ\u00ebn dhe Pun\u00ebt e Jashtme Olta Xha\u00e7ka dhe Ministrin e Mbrojtjes Niko Peleshi.<\/p>\n<p>N\u00eb k\u00ebt\u00eb seanc\u00eb, Samitit do t\u2019i drejtohet edhe Presidenti i Asambles\u00eb Parlamentare t\u00eb NATO-s Gerald Connolly. N\u00eb dit\u00ebn e dyt\u00eb t\u00eb punimeve t\u00eb Samitit, Kryeministri Rama do t\u00ebzhvilloj\u00eb nj\u00eb takim bilateral me Kryeministren e Suedis\u00eb Magdalena Andersson.<\/p>\n<p>N\u00eb p\u00ebrfundim, Kryeministri Rama do t\u00eb marr\u00eb pjes\u00eb n\u00eb ceremonin\u00eb e n\u00ebnshkrimit t\u00eb marr\u00ebveshjes me Enag\u00e1s, e cila \u00ebsht\u00eb nj\u00eb kompani spanjolle energjetike dhe operator evropian i sistemit t\u00eb transmetimit, i cili zot\u00ebron dhe operon rrjetin e gazit t\u00eb Spanj\u00ebs.<\/p>\n","protected":false},"excerpt":{"rendered":"<p>Kryeministri Edi Rama ndodhet p\u00ebr nj\u00eb vizit\u00eb zyrtare n\u00eb Spanj\u00eb ku do t\u00eb marr\u00eb pjes\u00eb n\u00eb punimet e Samitit t\u00eb NATO-s q\u00eb do t\u00eb zhvillohet dit\u00ebn e m\u00ebrkur\u00eb dhe t\u00eb enjte n\u00eb Madrid. Kryeministri Edi Rama dhe bashk\u00ebshortja e tij Linda Rama ishin t\u00eb ftuar dje n\u00eb dark\u00ebn mbret\u00ebrore gala organizuar nga Mbreti Felipe VI [&hellip;]<\/p>\n","protected":false},"author":2020,"featured_media":266943,"comment_status":"closed","ping_status":"closed","sticky":false,"template":"","format":"standard","meta":{"footnotes":""},"categories":[241,5380,231],"tags":[],"class_list":{"0":"post-266942","1":"post","2":"type-post","3":"status-publish","4":"format-standard","5":"has-post-thumbnail","7":"category-aktualitet","8":"category-kryesore","9":"category-lajme"},"_links":{"self":[{"href":"https:\/\/zjarr.tv\/sq\/wp-json\/wp\/v2\/posts\/266942","targetHints":{"allow":["GET"]}}],"collection":[{"href":"https:\/\/zjarr.tv\/sq\/wp-json\/wp\/v2\/posts"}],"about":[{"href":"https:\/\/zjarr.tv\/sq\/wp-json\/wp\/v2\/types\/post"}],"author":[{"embeddable":true,"href":"https:\/\/zjarr.tv\/sq\/wp-json\/wp\/v2\/users\/2020"}],"replies":[{"embeddable":true,"href":"https:\/\/zjarr.tv\/sq\/wp-json\/wp\/v2\/comments?post=266942"}],"version-history":[{"count":0,"href":"https:\/\/zjarr.tv\/sq\/wp-json\/wp\/v2\/posts\/266942\/revisions"}],"wp:featuredmedia":[{"embeddable":true,"href":"https:\/\/zjarr.tv\/sq\/wp-json\/wp\/v2\/media\/266943"}],"wp:attachment":[{"href":"https:\/\/zjarr.tv\/sq\/wp-json\/wp\/v2\/media?parent=266942"}],"wp:term":[{"taxonomy":"category","embeddable":true,"href":"https:\/\/zjarr.tv\/sq\/wp-json\/wp\/v2\/categories?post=266942"},{"taxonomy":"post_tag","embeddable":true,"href":"https:\/\/zjarr.tv\/sq\/wp-json\/wp\/v2\/tags?post=266942"}],"curies":[{"name":"wp","href":"https:\/\/api.w.org\/{rel}","templated":true}]}}