{"id":266945,"date":"2022-06-29T12:13:32","date_gmt":"2022-06-29T10:13:32","guid":{"rendered":"https:\/\/zjarr.tv\/?p=266945"},"modified":"2022-06-29T12:13:32","modified_gmt":"2022-06-29T10:13:32","slug":"turqia-hoqi-veton-ndaj-suedise-dhe-finlandes-reagon-meta-vendimi-i-duhur-per-forcimin-e-sigurise-se-perbashket","status":"publish","type":"post","link":"https:\/\/zjarr.tv\/sq\/turqia-hoqi-veton-ndaj-suedise-dhe-finlandes-reagon-meta-vendimi-i-duhur-per-forcimin-e-sigurise-se-perbashket\/","title":{"rendered":"Turqia hoqi veton ndaj Suedis\u00eb dhe Finland\u00ebs, reagon Meta: Vendimi i duhur p\u00ebr forcimin e siguris\u00eb s\u00eb p\u00ebrbashk\u00ebt"},"content":{"rendered":"<p>Presidenti Ilir Meta ka reaguar sa i takon lajmit t\u00eb publikuar s\u00eb fundmi ku Turqia i ka hapur rrug\u00eb an\u00ebtar\u00ebsimit t\u00eb Finland\u00ebs dhe Suedis\u00eb n\u00eb NATO, duke hequr veton.<\/p>\n<p>Meta tha se ky ishte vendimi i duhur p\u00ebr forcimin e siguris\u00eb s\u00eb p\u00ebrbashk\u00ebt p\u00ebrball\u00eb sfidave t\u00eb pa d\u00ebshirushme<\/p>\n<p>Postimi i Plot\u00eb nga Meta:<\/p>\n<p>E p\u00ebrsh\u00ebndes n\u00ebnshkrimin e Memorandumit t\u00eb p\u00ebrbashk\u00ebt Trilateral q\u00eb i hap rrug\u00eb an\u00ebtar\u00ebsimit n\u00eb NATO t\u00eb Finland\u00ebs dhe Suedis\u00eb.<\/p>\n<p>Vendim i duhur p\u00ebr forcimin e siguris\u00eb s\u00eb p\u00ebrbashk\u00ebt n\u00eb k\u00ebt\u00eb periudh\u00eb sfidash te pa d\u00ebshirushme p\u00ebr parimet dh e vlerat demokratike.<\/p>\n","protected":false},"excerpt":{"rendered":"<p>Presidenti Ilir Meta ka reaguar sa i takon lajmit t\u00eb publikuar s\u00eb fundmi ku Turqia i ka hapur rrug\u00eb an\u00ebtar\u00ebsimit t\u00eb Finland\u00ebs dhe Suedis\u00eb n\u00eb NATO, duke hequr veton. Meta tha se ky ishte vendimi i duhur p\u00ebr forcimin e siguris\u00eb s\u00eb p\u00ebrbashk\u00ebt p\u00ebrball\u00eb sfidave t\u00eb pa d\u00ebshirushme Postimi i Plot\u00eb nga Meta: E p\u00ebrsh\u00ebndes [&hellip;]<\/p>\n","protected":false},"author":2020,"featured_media":126398,"comment_status":"closed","ping_status":"closed","sticky":false,"template":"","format":"standard","meta":{"footnotes":""},"categories":[241,5380,231],"tags":[],"class_list":{"0":"post-266945","1":"post","2":"type-post","3":"status-publish","4":"format-standard","5":"has-post-thumbnail","7":"category-aktualitet","8":"category-kryesore","9":"category-lajme"},"_links":{"self":[{"href":"https:\/\/zjarr.tv\/sq\/wp-json\/wp\/v2\/posts\/266945","targetHints":{"allow":["GET"]}}],"collection":[{"href":"https:\/\/zjarr.tv\/sq\/wp-json\/wp\/v2\/posts"}],"about":[{"href":"https:\/\/zjarr.tv\/sq\/wp-json\/wp\/v2\/types\/post"}],"author":[{"embeddable":true,"href":"https:\/\/zjarr.tv\/sq\/wp-json\/wp\/v2\/users\/2020"}],"replies":[{"embeddable":true,"href":"https:\/\/zjarr.tv\/sq\/wp-json\/wp\/v2\/comments?post=266945"}],"version-history":[{"count":0,"href":"https:\/\/zjarr.tv\/sq\/wp-json\/wp\/v2\/posts\/266945\/revisions"}],"wp:featuredmedia":[{"embeddable":true,"href":"https:\/\/zjarr.tv\/sq\/wp-json\/wp\/v2\/media\/126398"}],"wp:attachment":[{"href":"https:\/\/zjarr.tv\/sq\/wp-json\/wp\/v2\/media?parent=266945"}],"wp:term":[{"taxonomy":"category","embeddable":true,"href":"https:\/\/zjarr.tv\/sq\/wp-json\/wp\/v2\/categories?post=266945"},{"taxonomy":"post_tag","embeddable":true,"href":"https:\/\/zjarr.tv\/sq\/wp-json\/wp\/v2\/tags?post=266945"}],"curies":[{"name":"wp","href":"https:\/\/api.w.org\/{rel}","templated":true}]}}