{"id":266968,"date":"2022-06-29T13:22:27","date_gmt":"2022-06-29T11:22:27","guid":{"rendered":"https:\/\/zjarr.tv\/?p=266968"},"modified":"2022-06-29T13:22:27","modified_gmt":"2022-06-29T11:22:27","slug":"shqiptaret-po-behen-dhembeprishur-berisha-nxjerr-nje-dentiste-ne-foltore-spo-gjejme-dot-staf-per-te-mbushur-e-shkulur","status":"publish","type":"post","link":"https:\/\/zjarr.tv\/sq\/shqiptaret-po-behen-dhembeprishur-berisha-nxjerr-nje-dentiste-ne-foltore-spo-gjejme-dot-staf-per-te-mbushur-e-shkulur\/","title":{"rendered":"&#8220;Shqiptar\u00ebt po b\u00ebhen dh\u00ebmb\u00ebprishur&#8221;, Berisha nxjerr nj\u00eb dentiste n\u00eb &#8220;Foltore&#8221;: S&#8217;po gjejm\u00eb dot staf p\u00ebr t\u00eb mbushur e shkulur"},"content":{"rendered":"<p>Sali Berisha ka nxjerr\u00eb nj\u00eb dentiste n\u00eb Foltore p\u00ebr t\u00eb folur mbi gjendjen dentare. Mjekja stomatologe Artemisa Halili e cila i \u00ebsht\u00eb bashkuar protest\u00ebs s\u00eb thirrurm\u00eb 7 korrik, i \u00ebsht\u00eb drejtuar me nj\u00eb mesazh qytetar\u00ebve nga selia e PD.<\/p>\n<p>Ajo ka renditur disa nga problemet me t\u00eb cilat p\u00ebrballet n\u00eb profesionin e saj q\u00eb e kan\u00eb b\u00ebr\u00eb t\u00eb bashkohet me protest\u00ebn, e nj\u00eb nd\u00ebr to edhe kriza p\u00ebr t\u00eb gjetur profesionist\u00eb p\u00ebr t\u00eb punuar, p\u00ebr shkak t\u00eb emigrimit masiv.<\/p>\n<p>Reagimi i plot\u00eb<\/p>\n<p>\u201cSi profesioniste e lir\u00eb, ndeshem p\u00ebrdit\u00eb me nj\u00eb barr\u00eb pengesash t\u00eb cilat vijn\u00eb t\u00eb gjitha nga keqmenaxhimi shtet\u00ebror. Jan\u00eb k\u00ebto shtr\u00ebngesa q\u00eb m\u00eb shtyjn\u00eb t\u2019i bashkohem protest\u00ebs s\u00eb Partis\u00eb Demokratike dhe Shoq\u00ebris\u00eb civile me 7 korrik.<\/p>\n<p>Aktualisht, edhe pse po punohet mbi nj\u00eb ligj p\u00ebr profesionet e lira, ne si grup interesi nuk kemi asnj\u00eb informacion p\u00ebr t\u00eb. Ligji fiskal \u00ebsht\u00eb nd\u00ebrruar 8 her\u00eb n\u00eb 13 vjet, dhe Urdhri i Stomatologut nuk na informon asnj\u00ebher\u00eb paraprakisht p\u00ebr k\u00ebto ndryshime.<\/p>\n<p>Nuk gjejm\u00eb dot staf, p\u00ebr arsye se stomatolog\u00ebt e rinj zgjedhin emigrimin\u201d, tha ajo. Aktualisht, edhe pse po punohet mbi nj\u00eb ligj p\u00ebr profesionet e lira, ne si grup interesi nuk kemi asnj\u00eb informacion p\u00ebr t\u00eb.<\/p>\n<p>Ligji fiskal \u00ebsht\u00eb nd\u00ebrruar 8 her\u00eb n\u00eb 13 vjet, dhe Urdhri i Stomatologut nuk na informon asnj\u00ebher\u00eb paraprakisht p\u00ebr k\u00ebto ndryshime.<\/p>\n<p>Nuk gjejm\u00eb dot staf, p\u00ebr arsye se stomatolog\u00ebt e rinj zgjedhin emigrimin\u201d, tha ajo.<\/p>\n<p>Do t\u2019i bashkohem Partis\u00eb Demokratike dhe shoq\u00ebris\u00eb civile m\u00eb 7 korrik. Bashk\u00eb d\u00ebgjohemi m\u00eb fort! Shqip\u00ebria \u00ebsht\u00eb n\u00eb rrezik.<\/p>\n<p>Pse protestoj m\u00eb 7 korrik.<\/p>\n<p>Un\u00eb jam Artemisa Halili, stomatologe, n\u00ebn\u00eb e nj\u00eb vajze 6 vjecare.<\/p>\n<p>Si profesioniste e lir\u00eb, ndeshem p\u00ebrdit\u00eb me nj\u00eb barr\u00eb pengesash t\u00eb cilat vijn\u00eb t\u00eb gjitha nga keqmenaxhimi shtet\u00ebror. Jan\u00eb k\u00ebto shtr\u00ebngesa q\u00eb m\u00eb shtyjn\u00eb t\u2019i bashkohem protest\u00ebs s\u00eb Partis\u00eb Demokratike dhe Shoq\u00ebris\u00eb civile me 7 korrik.<\/p>\n<p>Aktualisht, edhe pse po punohet mbi nj\u00eb ligj p\u00ebr profesionet e lira, ne si grup interesi nuk kemi asnj\u00eb informacion p\u00ebr t\u00eb. Ligji fiskal \u00ebsht\u00eb nd\u00ebrruar 8 her\u00eb n\u00eb 13 vjet, dhe Urdhri i Stomatologut nuk na informon asnj\u00ebher\u00eb paraprakisht p\u00ebr k\u00ebto ndryshime.<\/p>\n<p>Nuk gjejm\u00eb dot staf, p\u00ebr arsye se stomatolog\u00ebt e rinj zgjedhin emigrimin. T\u00eb gjitha k\u00ebto m\u00eb b\u00ebjn\u00eb, mua dhe koleg\u00ebt e mi, dhe besoj shum\u00eb profesionist\u00eb t\u00eb lir\u00eb anemban\u00eb Shqip\u00ebris\u00eb, t\u00eb kemi pasiguri p\u00ebr t\u00eb ardhmen tan\u00eb dhe t\u00eb f\u00ebmij\u00ebve tan\u00eb. P\u00ebr k\u00ebto pasiguri do t\u2019i bashkohem Partis\u00eb Demokratike dhe shoq\u00ebris\u00eb civile m\u00eb 7 korrik.<\/p>\n","protected":false},"excerpt":{"rendered":"<p>Sali Berisha ka nxjerr\u00eb nj\u00eb dentiste n\u00eb Foltore p\u00ebr t\u00eb folur mbi gjendjen dentare. Mjekja stomatologe Artemisa Halili e cila i \u00ebsht\u00eb bashkuar protest\u00ebs s\u00eb thirrurm\u00eb 7 korrik, i \u00ebsht\u00eb drejtuar me nj\u00eb mesazh qytetar\u00ebve nga selia e PD. Ajo ka renditur disa nga problemet me t\u00eb cilat p\u00ebrballet n\u00eb profesionin e saj q\u00eb e [&hellip;]<\/p>\n","protected":false},"author":2020,"featured_media":266969,"comment_status":"closed","ping_status":"closed","sticky":false,"template":"","format":"standard","meta":{"footnotes":""},"categories":[241,5380,231],"tags":[],"class_list":{"0":"post-266968","1":"post","2":"type-post","3":"status-publish","4":"format-standard","5":"has-post-thumbnail","7":"category-aktualitet","8":"category-kryesore","9":"category-lajme"},"_links":{"self":[{"href":"https:\/\/zjarr.tv\/sq\/wp-json\/wp\/v2\/posts\/266968","targetHints":{"allow":["GET"]}}],"collection":[{"href":"https:\/\/zjarr.tv\/sq\/wp-json\/wp\/v2\/posts"}],"about":[{"href":"https:\/\/zjarr.tv\/sq\/wp-json\/wp\/v2\/types\/post"}],"author":[{"embeddable":true,"href":"https:\/\/zjarr.tv\/sq\/wp-json\/wp\/v2\/users\/2020"}],"replies":[{"embeddable":true,"href":"https:\/\/zjarr.tv\/sq\/wp-json\/wp\/v2\/comments?post=266968"}],"version-history":[{"count":0,"href":"https:\/\/zjarr.tv\/sq\/wp-json\/wp\/v2\/posts\/266968\/revisions"}],"wp:featuredmedia":[{"embeddable":true,"href":"https:\/\/zjarr.tv\/sq\/wp-json\/wp\/v2\/media\/266969"}],"wp:attachment":[{"href":"https:\/\/zjarr.tv\/sq\/wp-json\/wp\/v2\/media?parent=266968"}],"wp:term":[{"taxonomy":"category","embeddable":true,"href":"https:\/\/zjarr.tv\/sq\/wp-json\/wp\/v2\/categories?post=266968"},{"taxonomy":"post_tag","embeddable":true,"href":"https:\/\/zjarr.tv\/sq\/wp-json\/wp\/v2\/tags?post=266968"}],"curies":[{"name":"wp","href":"https:\/\/api.w.org\/{rel}","templated":true}]}}