{"id":266971,"date":"2022-06-29T13:32:10","date_gmt":"2022-06-29T11:32:10","guid":{"rendered":"https:\/\/zjarr.tv\/?p=266971"},"modified":"2022-06-29T13:32:10","modified_gmt":"2022-06-29T11:32:10","slug":"nje-liter-qumesht-ne-treg-per-te-kuptuar-stallat-bosh-te-lopeve-neser-edmond-panariti-shqiperia-cmimet-me-te-larta-ne-tregun-e-open-balkan","status":"publish","type":"post","link":"https:\/\/zjarr.tv\/sq\/nje-liter-qumesht-ne-treg-per-te-kuptuar-stallat-bosh-te-lopeve-neser-edmond-panariti-shqiperia-cmimet-me-te-larta-ne-tregun-e-open-balkan\/","title":{"rendered":"\u201cNj\u00eb lit\u00ebr qum\u00ebsht n\u00eb treg p\u00ebr t\u00eb kuptuar stallat bosh t\u00eb lop\u00ebve nes\u00ebr\u201d- Edmond Panariti: Shqip\u00ebria \u00e7mimet m\u00eb t\u00eb larta n\u00eb tregun e \u2018Open Balkan\u2019"},"content":{"rendered":"<p>Shefi i Kabinetit t\u00eb Presidentit Ilir Meta, Edmond Panariti ka publikuar list\u00ebn e \u00e7mimeve t\u00eb qum\u00ebshtit n\u00eb disa vende n\u00eb tregun e Open Ballkan dhe n\u00eb tregun Europian ku rezulton se shifr\u00ebn m\u00eb t\u00eb lart\u00eb e ka Shqip\u00ebria.<\/p>\n<p>Ai thekson se kjo n\u00ebnkupton m\u00eb pak para p\u00ebr ferm\u00ebn dhe m\u00eb shum\u00eb taksa p\u00ebr prodhuesi i cili tashm\u00eb \u00ebsht\u00eb i gjunj\u00ebzuar.<\/p>\n<p>\u201cArsyet i dim\u00eb, i njohim, por nuk duam ti shohim! Pak para p\u00ebr ferm\u00ebn dhe shum\u00eb taksa p\u00ebr prodhuesin, tashm\u00eb t\u00eb gjunj\u00ebzuar\u201d, shkruan Panariti.<\/p>\n<p>Statusi i plot\u00eb i Edmond Panaritit<\/p>\n<p>Lexo mir\u00eb sot \u2026 nj\u00eb lit\u00ebr qum\u00ebsht n\u00eb treg, p\u00ebr t\u00eb kuptuar stallat bosh t\u00eb lop\u00ebve nes\u00ebr!<\/p>\n<p>Lexo p\u00ebr t\u00eb kuptuar p\u00ebrse qum\u00ebshti rrjedh nga lart \u2013 posht\u00eb dhe jo ashtu si\u00e7 duhet dhe e meriton nga posht\u00eb \u2013 lart.<\/p>\n<p>M\u00eb posht\u00eb po rendis \u00e7mimet p\u00ebr \u00e7\u2019do lit\u00ebr qum\u00ebsht n\u00eb tregun e Open Ballkan dhe n\u00eb disa v\u00ebnde t\u00eb tregut t\u00eb Bashkimit Evropian.<\/p>\n<p>\u00c7mimet jan\u00eb n\u00eb dollar\u00eb p\u00ebr t\u00eb kuptuar m\u00eb mir\u00eb krahasimin mes v\u00ebndeve.<\/p>\n<p>1 liter qum\u00ebsht n\u00eb Shqip\u00ebri\u2026 1.16 dollar\u00eb<\/p>\n<p>Kosov\u00eb\u2026\u2026\u2026\u2026\u2026\u2026\u2026\u2026\u2026\u2026\u2026\u2026 1.05<\/p>\n<p>Serbi\u2026\u2026\u2026\u2026\u2026\u2026\u2026\u2026\u2026\u2026\u2026\u2026\u2026.. 0.9<\/p>\n<p>Mal i Zi\u2026\u2026\u2026\u2026\u2026\u2026\u2026\u2026\u2026\u2026\u2026\u2026.. 0.9<\/p>\n<p>Bosnj\u00eb\u2026\u2026\u2026\u2026\u2026\u2026\u2026\u2026\u2026\u2026\u2026\u2026\u2026 0.78<\/p>\n<p>Hungari\u2026\u2026\u2026\u2026\u2026\u2026\u2026\u2026\u2026\u2026\u2026\u2026. 0.7<\/p>\n<p>\u00c7eki\u2026\u2026\u2026\u2026\u2026\u2026\u2026\u2026\u2026\u2026\u2026\u2026\u2026\u2026.. 0.8<\/p>\n<p>Poloni\u2026\u2026\u2026\u2026\u2026\u2026\u2026\u2026\u2026\u2026\u2026\u2026\u2026.. 0.64<\/p>\n<p>Spanj\u00eb\u2026\u2026\u2026\u2026\u2026\u2026\u2026\u2026\u2026\u2026\u2026\u2026\u2026. 0.85<\/p>\n<p>dhe lista vazhdon\u2026. n\u00eb baz\u00ebn statistikore prestigjioze t\u00eb dh\u00ebnave Numbeo..<\/p>\n<p>Arsyet i dim\u00eb, i njohim, por nuk duam ti shohim!<\/p>\n<p>Pak para p\u00ebr ferm\u00ebn dhe shum\u00eb taksa p\u00ebr prodhuesin, tashm\u00eb t\u00eb gjunj\u00ebzuar.<\/p>\n","protected":false},"excerpt":{"rendered":"<p>Shefi i Kabinetit t\u00eb Presidentit Ilir Meta, Edmond Panariti ka publikuar list\u00ebn e \u00e7mimeve t\u00eb qum\u00ebshtit n\u00eb disa vende n\u00eb tregun e Open Ballkan dhe n\u00eb tregun Europian ku rezulton se shifr\u00ebn m\u00eb t\u00eb lart\u00eb e ka Shqip\u00ebria. Ai thekson se kjo n\u00ebnkupton m\u00eb pak para p\u00ebr ferm\u00ebn dhe m\u00eb shum\u00eb taksa p\u00ebr prodhuesi i [&hellip;]<\/p>\n","protected":false},"author":2020,"featured_media":131710,"comment_status":"closed","ping_status":"closed","sticky":false,"template":"","format":"standard","meta":{"footnotes":""},"categories":[241,5380,231],"tags":[],"class_list":{"0":"post-266971","1":"post","2":"type-post","3":"status-publish","4":"format-standard","5":"has-post-thumbnail","7":"category-aktualitet","8":"category-kryesore","9":"category-lajme"},"_links":{"self":[{"href":"https:\/\/zjarr.tv\/sq\/wp-json\/wp\/v2\/posts\/266971","targetHints":{"allow":["GET"]}}],"collection":[{"href":"https:\/\/zjarr.tv\/sq\/wp-json\/wp\/v2\/posts"}],"about":[{"href":"https:\/\/zjarr.tv\/sq\/wp-json\/wp\/v2\/types\/post"}],"author":[{"embeddable":true,"href":"https:\/\/zjarr.tv\/sq\/wp-json\/wp\/v2\/users\/2020"}],"replies":[{"embeddable":true,"href":"https:\/\/zjarr.tv\/sq\/wp-json\/wp\/v2\/comments?post=266971"}],"version-history":[{"count":0,"href":"https:\/\/zjarr.tv\/sq\/wp-json\/wp\/v2\/posts\/266971\/revisions"}],"wp:featuredmedia":[{"embeddable":true,"href":"https:\/\/zjarr.tv\/sq\/wp-json\/wp\/v2\/media\/131710"}],"wp:attachment":[{"href":"https:\/\/zjarr.tv\/sq\/wp-json\/wp\/v2\/media?parent=266971"}],"wp:term":[{"taxonomy":"category","embeddable":true,"href":"https:\/\/zjarr.tv\/sq\/wp-json\/wp\/v2\/categories?post=266971"},{"taxonomy":"post_tag","embeddable":true,"href":"https:\/\/zjarr.tv\/sq\/wp-json\/wp\/v2\/tags?post=266971"}],"curies":[{"name":"wp","href":"https:\/\/api.w.org\/{rel}","templated":true}]}}