{"id":266974,"date":"2022-06-29T13:55:21","date_gmt":"2022-06-29T11:55:21","guid":{"rendered":"https:\/\/zjarr.tv\/?p=266974"},"modified":"2022-06-29T13:55:21","modified_gmt":"2022-06-29T11:55:21","slug":"urdhri-gjergj-kastrioti-skenderbeu-per-aurel-plasarin-gjekmarkaj-portretizon-mikun-dhe-ish-profesorin-ecce-homo-sqimatari-me-i-madh-i-kultures-shqiptare-pse-bur","status":"publish","type":"post","link":"https:\/\/zjarr.tv\/sq\/urdhri-gjergj-kastrioti-skenderbeu-per-aurel-plasarin-gjekmarkaj-portretizon-mikun-dhe-ish-profesorin-ecce-homo-sqimatari-me-i-madh-i-kultures-shqiptare-pse-bur\/","title":{"rendered":"Urdhri \u201cGjergj Kastrioti-Sk\u00ebnderbeu\u201d p\u00ebr Aurel Plasarin, Gjekmarkaj portretizon mikun dhe ish-profesorin: \u201cEcce homo\u201d, sqimatari m\u00eb i madh i kultur\u00ebs shqiptare. Pse burrat e shtetit duhet t\u00eb jen\u00eb\u2026"},"content":{"rendered":"<p><strong>Agron Gjekmarkaj<\/strong><\/p>\n<p>Nuk m\u00eb befasoi lajmi se t\u00eb premten n\u00eb ora 12, Aurel Plasari dekorohet nga Presidenti i Republikes me urdh\u00ebrin e lart\u00eb \u201cGjergj Kastrioti-Skenderbeu\u201d por m\u00eb shtyu drejt ketij shenimi t\u00eb sotem.<\/p>\n<p>Lumi i dekoratave ka v\u00ebrshuar rr\u00ebmbyeshem nga t\u00eb gjith\u00eb President\u00ebt shqiptar\u00eb t\u00eb tranzicionit.<\/p>\n<p>Jo gjithmon\u00eb ato jan\u00eb shperndar\u00eb sipas merites e s\u00ebres. Ndonjeher\u00eb shkelqimi i tyre n\u00eb gjokse q\u00eb se mbanin dot at\u00eb pesh\u00eb i ka veshur me komizem dh\u00ebnesit e marresit.<\/p>\n<p>Nj\u00eb spikam\u00eb madh\u00ebshtie p\u00ebr luftrat e pa b\u00ebra, p\u00ebr trim\u00ebrit\u00eb e pa kryera, p\u00ebr kontributin e pa dh\u00ebn\u00eb, per veprat pa vep\u00ebr brenda duket mbi ballin e disa element\u00ebve t\u00eb shoqeris\u00eb son\u00eb tanim\u00eb faktor ekonomik e politik t\u00eb cilet lobojn\u00eb p\u00ebr t\u00eb shp\u00ebrblyer protagonizmin e tyre me medalje t\u00eb ndryshme.<\/p>\n<p>Presidentet tan\u00eb, produkte t\u00eb ketij ambjenti nuk i kan\u00eb shpetuar kesaj ngasjeje e tundimi celebrues.<\/p>\n<p>Por rasti i sqimatarit m\u00eb t\u00eb madh t\u00eb kultures shqiptare, dendit t\u00eb saj mbi fronin e sulmuar, Profesor Aurel Plasarit \u00ebsht\u00eb ndryshe, krejt i pakrahasim. Plasari na ka kujtuar shpesh se druri prej t\u00eb cilit \u00ebsht\u00eb latuar Pinoku \u00ebsht\u00eb natyra njerzore. Pun\u00ebtori i fjal\u00ebs q\u00eb gjith\u00eb mengjesin mund ta kaloj\u00eb p\u00ebr t\u00eb v\u00ebn\u00eb nj\u00eb presje dhe gjith\u00eb pasditen p\u00ebr ta hequr duke i dh\u00ebn\u00eb sharm t\u00eb bukures stilistike.\u00a0 Burri q\u00eb dyshon gjithmon\u00eb e per gjith\u00e7ka si kerkues i ep\u00ebrm i gjenez\u00ebs s\u00eb fenomeneve atij q\u00eb latinet do ta therrisnin \u201d de omnibus dubitandum\u201d n\u00eb kerkim t\u00eb vertetash formidabile.<\/p>\n<p>Atij asnj\u00eb dekorat\u00eb nuk ja b\u00ebn m\u00eb t\u00eb madhe dukjen e peshen, asnj\u00eb sosh nuk i shton gj\u00eb, e as nevoje per to nuk besoj se ndjen, por \u00ebsht\u00eb rasti me th\u00ebn\u00eb qe prej tij marrin seriozitet,stabilizojn\u00eb autoritetin e lenduar,urdherat, stemat vete dekoratat.<\/p>\n<p>Kur nj\u00eb si Plasari e pranon at\u00eb, ajo krijon nj\u00eb kanon , nj\u00eb standart, nj\u00eb lakmi civile legjitime e t\u00eb shtuar. Askujt m\u00eb shum\u00eb se atij , a thua si e b\u00ebr\u00eb enkas p\u00ebr t\u00eb, nuk i rri mir\u00eb , begenisja shteterore q\u00eb mban emrin e Mbretit Gjergj -shqiptarit m\u00eb themelues e m\u00eb akumulues me identitet , emocione, lavdi e kumt.<\/p>\n<p>Pse m\u00eb shum\u00eb se askujt?! Pothuaj 20 vjet nga jeta e tij krijuese i ka kushtuar k\u00ebrkimeve mbi heroin ton\u00eb kombetar , Arberis\u00eb s\u00eb tij, familjeve arberore, rrezellimit t\u00eb arb\u00ebrit n\u00eb histori, koh\u00ebve t\u00eb m\u00eb pasme pask ikjes s\u00eb Gjergjit , \u201cgjakut t\u00eb shprishur\u201d , jehut t\u00eb atyre moteve t\u00eb pap\u00ebrs\u00ebritshme mbi t\u00eb cilen shqiptaret dolen komb e shtet me vete!\u00a0 Nj\u00eb s\u00ebr\u00eb veprash grishese , imponuese plot thagm\u00eb e thelb, asht i pathyeshem ku historia e albanologjia ngjisin mishin e vet.<\/p>\n<p>Por mbi t\u00eb gjitha si per t\u00eb kulmuar rreth 600 vjet histori nga viti 1405 e ketej \u201d Skenderbeu -nj\u00eb histori politike\u201d si veper e kryer a kryeveper do t\u00eb ndihmoj\u00eb n\u00eb jet\u00eb t\u00eb jeteve shqiptaret p\u00ebr t\u00eb kuptuar e lexuar vetveten sa her\u00eb q\u00eb nevoja p\u00ebr vet\u00ebkonservim e transformim do t\u00eb shfaqet.<\/p>\n<p>Nj\u00eb moment si ky, kur ndien nevojen p\u00ebr t\u00eb th\u00ebn\u00eb di\u00e7ka \u00ebsht\u00eb e pamundur ti shpetosh retrospektives. Un\u00eb kam q\u00ebn\u00eb nj\u00eb student i Aurel Plasarit n\u00eb vitet 94-96 dhe kam q\u00ebn\u00eb me shum\u00eb fat t\u00eb ndjek leksionet e tij mbres\u00ebl\u00ebnese, t\u00eb ndryshme, oh sa t\u00eb ndryshme nga t\u00eb tjerve, por edhe t\u00eb kem miqesin\u00eb e tij.<\/p>\n<p>N\u00eb kohen kur nj\u00eb shkoll\u00eb kulturore si\u00e7 ishte \u201d realizmi socialist\u201d po sh\u00ebmbej me tam tamet, folklorin patetik, d\u00ebmet e veta teksa et\u00ebrit e saj tentonin t\u00eb dominonin lirin\u00eb, n\u00eb mes t\u00eb asaj rr\u00ebmuj\u00eb kund\u00ebrth\u00ebnese shfaqej Profesori bir i kultures pa izma. T\u00eb shumta kan\u00eb q\u00ebn\u00eb net\u00ebt ku pothuaj e gdhinim s\u00eb bashku me Mark Markun, Gezim Gurgen e Prof Aurelin kafeneve t\u00eb Tiranes. T\u00eb pafundme k\u00ebrsherit\u00eb, t\u00eb pafundme bisedat per t\u00eb fshehtat e tekstit, p\u00ebr let\u00ebrsin\u00eb e krahasuar, p\u00ebrkthimet, Fisht\u00ebn, Konic\u00ebn, Harapin, Merxhanin, Mit\u2019hat Frash\u00ebrin e shum\u00eb e shum\u00eb t\u00eb tjer\u00eb dhe p\u00ebr mua shkolla e vertet\u00eb apo kujtimi m\u00eb i madh i saj ishin ato biseda.<\/p>\n<p>\u00c7far\u00eb nuk mbyllej aty vazhdonte n\u00eb redaksin\u00eb e \u201cHyllit t\u00eb Drites\u201d me At Zef Pllumin drejtorin e saj dhe kryeredaktorin Aurel Plasari q\u00eb per nj\u00eb student 20 vje\u00e7ar, i etur per t\u00eb nx\u00ebn\u00eb ishte maksimumi q\u00eb me shenjoj jet\u00ebn dhe zgjidhjet e mevonshme.<\/p>\n<p>\u201cFrati i kujtimeve\u201d dhe Plasari ishin dyshja m\u00eb antikonformiste e Kryeqytetit. P\u00ebr mbi 10 vjet ata nd\u00ebrtuan nj\u00eb shkoll\u00eb mendimi e kulture, luftuan mentalitetin ideologjik t\u00eb sundimit mbi kulturen duke i kund\u00ebrv\u00ebn\u00eb sistemin e hapur. Botuan, promovuan fol\u00ebn p\u00ebr t\u00eb ndaluarit e m\u00ebdhenj duke tentuar q\u00eb pas \u201crishfaqjes s\u00eb vijes s\u00eb Teodosit\u201d p\u00ebrmes shembullit t\u00eb tyre shqiptar\u00ebt t\u2019ja mbanin kah oksidenti.<\/p>\n<p>Personalisht pa pretenduar se ja kam arritur jam munduar t\u00eb mesoj nga t\u00eb menduarit, t\u00eb shprehurit dhe t\u00eb shkruarit e Aurel Plasarit ! Mbase na magjepsi jo vetem p\u00ebr volumin e dijeve por edhe se ai e shkruan shqipen me bukur se kushdo t\u2019jeter.<\/p>\n<p>P\u00ebrkthyes i shum\u00eb kryeveprave bot\u00ebrore, autor i shum\u00eb librave dhe eseve, me t\u00eb cilat ka ndar\u00eb e bashkuar me shizma nd\u00ebrgjegjeje, mendimtar e profesor Aurel Plasarin shpesh e kan\u00eb dashur n\u00eb krah. Jan\u00eb gezuar kur e kan\u00eb patur e sulmuar kur kjo ska ndodhur!<\/p>\n<p>E kan\u00eb gjykuar sa her\u00eb ka b\u00ebr\u00eb nj\u00eb zgjedhje apo ka marr\u00eb nj\u00eb vendim, sa her\u00eb ka shfaqur an\u00ebsi e pa an\u00ebsi por t\u00eb gjith\u00eb kan\u00eb r\u00ebndur me at\u00eb kenaqesi q\u00eb jep leximi pas \u00e7do libri apo shkrimi t\u00eb tij duke ja njohur statusin e ep\u00ebrm t\u00eb njeriut \u201chomo meditans\u201d q\u00eb bashkoh\u00ebsin\u00eb ton\u00eb \u00ebnde e humanizon, \u00ebnde i jep shpres\u00eb dhe i p\u00ebrkufizon horizontin e pritjes.<\/p>\n<p>Nuk e di kush do jet\u00eb n\u00eb ceremonin\u00eb e nes\u00ebrme! Nuk e di k\u00eb ka ftuar Profesori t\u00eb cilin e falenderoj per shenjimin personal q\u00eb m\u00eb ka b\u00ebr\u00eb, por do ishte n\u00eb nderin e burrave t\u00eb shtetit shqiptar n\u00ebse ka \u00ebnde t\u00eb till\u00eb t\u00eb jen\u00eb neser aty duke respektuar k\u00ebsisoj veten raportin me vlerat , kulturen dhe historin\u00eb me personalitetet qe kalojn\u00eb kuthtas si dhurat\u00eb e Zotit n\u00eb k\u00ebt\u00eb v\u00ebnd, q\u00eb askush si Aurel Plasari nuk i misheron!<\/p>\n<p>Ecce Homo u tha Ponc Pilati hebrejve duke drejtuar gishtin mbi Krishtin e kamxhikosur e t\u00eb pergjakur.<\/p>\n","protected":false},"excerpt":{"rendered":"<p>Agron Gjekmarkaj Nuk m\u00eb befasoi lajmi se t\u00eb premten n\u00eb ora 12, Aurel Plasari dekorohet nga Presidenti i Republikes me urdh\u00ebrin e lart\u00eb \u201cGjergj Kastrioti-Skenderbeu\u201d por m\u00eb shtyu drejt ketij shenimi t\u00eb sotem. Lumi i dekoratave ka v\u00ebrshuar rr\u00ebmbyeshem nga t\u00eb gjith\u00eb President\u00ebt shqiptar\u00eb t\u00eb tranzicionit. Jo gjithmon\u00eb ato jan\u00eb shperndar\u00eb sipas merites e s\u00ebres. [&hellip;]<\/p>\n","protected":false},"author":2020,"featured_media":0,"comment_status":"closed","ping_status":"closed","sticky":false,"template":"","format":"standard","meta":{"footnotes":""},"categories":[241,5380,231],"tags":[],"class_list":{"0":"post-266974","1":"post","2":"type-post","3":"status-publish","4":"format-standard","6":"category-aktualitet","7":"category-kryesore","8":"category-lajme"},"_links":{"self":[{"href":"https:\/\/zjarr.tv\/sq\/wp-json\/wp\/v2\/posts\/266974","targetHints":{"allow":["GET"]}}],"collection":[{"href":"https:\/\/zjarr.tv\/sq\/wp-json\/wp\/v2\/posts"}],"about":[{"href":"https:\/\/zjarr.tv\/sq\/wp-json\/wp\/v2\/types\/post"}],"author":[{"embeddable":true,"href":"https:\/\/zjarr.tv\/sq\/wp-json\/wp\/v2\/users\/2020"}],"replies":[{"embeddable":true,"href":"https:\/\/zjarr.tv\/sq\/wp-json\/wp\/v2\/comments?post=266974"}],"version-history":[{"count":0,"href":"https:\/\/zjarr.tv\/sq\/wp-json\/wp\/v2\/posts\/266974\/revisions"}],"wp:attachment":[{"href":"https:\/\/zjarr.tv\/sq\/wp-json\/wp\/v2\/media?parent=266974"}],"wp:term":[{"taxonomy":"category","embeddable":true,"href":"https:\/\/zjarr.tv\/sq\/wp-json\/wp\/v2\/categories?post=266974"},{"taxonomy":"post_tag","embeddable":true,"href":"https:\/\/zjarr.tv\/sq\/wp-json\/wp\/v2\/tags?post=266974"}],"curies":[{"name":"wp","href":"https:\/\/api.w.org\/{rel}","templated":true}]}}