{"id":267236,"date":"2022-06-30T15:09:01","date_gmt":"2022-06-30T13:09:01","guid":{"rendered":"https:\/\/zjarr.tv\/?p=267236"},"modified":"2022-06-30T15:09:01","modified_gmt":"2022-06-30T13:09:01","slug":"kompanine-qe-do-kompensohen-pastrim-parash-edhe-me-ligjin-e-amnistise-salianji-ne-kuvend-ketu-kane-ikur-500-mije-qytetare-keto-kane-hallin-e-lopeve","status":"publish","type":"post","link":"https:\/\/zjarr.tv\/sq\/kompanine-qe-do-kompensohen-pastrim-parash-edhe-me-ligjin-e-amnistise-salianji-ne-kuvend-ketu-kane-ikur-500-mije-qytetare-keto-kane-hallin-e-lopeve\/","title":{"rendered":"\u201cKompanin\u00eb q\u00eb do kompensohen, pastrim parash edhe me ligjin e Amnistis\u00eb\u201d, Salianji n\u00eb Kuvend: K\u00ebtu kan\u00eb ikur 500 mij\u00eb qytetar\u00eb, k\u00ebto kan\u00eb hallin e lop\u00ebve"},"content":{"rendered":"<p>Deputeti i Partis\u00eb Demokratike Ervin Salianji, n\u00eb fjal\u00ebn e tij nga Kuvendi ka akuzuar qeverin\u00eb se \u00ebsht\u00eb duke favorizuar disa kompani dhe nuk jep ndihm\u00eb reale p\u00ebr personat q\u00eb v\u00ebrtet\u00eb kan\u00eb nevoj\u00eb.<\/p>\n<p>Ai \u00ebsht\u00eb shprehur se parat\u00eb t\u00eb cilat tentohet t\u2019u jepen oligark\u00ebve, do t\u00eb mjaftonin q\u00eb t\u00eb pakt\u00ebn t\u00eb mos rritej taksimi p\u00ebr profesionet e lira.<br \/>\nSalianji tha gjithashtu se parat\u00eb e oligark\u00ebve pastrohen me nd\u00ebrtime, t\u00eb cilat gjithmon\u00eb e m\u00eb shum\u00eb shtohen dhe burimi i parave q\u00eb p\u00ebrdoren nuk dihet ende.<\/p>\n<p>\u201cPa diskutim sot ka nj\u00eb pranim t\u00eb nj\u00eb realiteti ku fjala kriz\u00eb po p\u00ebrmendet sot nga qeveria vet\u00ebm p\u00ebr t\u00eb justifikuar se m\u00eb shum\u00eb se sa interesi p\u00ebr qytetar\u00ebt kan\u00eb pritoritet t\u00eb ndihmojn\u00eb n\u00eb grusht oligark\u00ebsh me t\u00eb cil\u00ebt e kan\u00eb shqyer Shqip\u00ebrin\u00eb dhe u japin llokma t\u00eb m\u00ebdha t\u00eb buxhetit. N\u00ebse do t\u00eb ishte dh\u00ebn\u00eb kudo ndihm\u00eb reale do tu vinte koha edhe kompanive q\u00eb marrin e japin tendera me qeverin\u00eb. Njihet mir\u00eb nga opinioni si ndahen tenderat. N\u00ebse ndalemi tek prioritetet. A duhet t\u00eb ndihmoheshin kompanit\u00eb q\u00eb marrin para publike dhe i kthejn\u00eb n\u00eb kulla?<\/p>\n<p>E shihni q\u00eb nj\u00eb pjes\u00eb e madhe e tyre jan\u00eb edhe ata q\u00eb duhet t\u00eb ndihmohen p\u00ebr pastrim parash me ligjin p\u00ebr Amnistin\u00eb.<\/p>\n<p>A jemi ne koshient\u00eb a duhet t\u00eb penalizoheshin kompanit\u00eb p\u00ebr vones\u00ebn e p\u00ebrfundimi t\u00eb objekteve? N\u00eb vend t\u00eb penalizohet favorizohen duke u dh\u00ebn\u00eb para shtes\u00eb. N\u00eb k\u00ebt\u00eb situat\u00eb k\u00ebta vijojn\u00eb t\u00eb marrin m\u00eb shum\u00eb para.<\/p>\n<p>Shihni se p\u00ebr \u00e7far\u00eb b\u00ebhet diskutimi n\u00eb publik k\u00ebt\u00eb jav\u00eb nga kryeministri, ministri e deputet\u00eb, p\u00ebr numrin e lop\u00ebve. K\u00ebtu kan\u00eb ikur 500 mij\u00eb njer\u00ebz, k\u00ebta kan\u00eb hallin e lop\u00ebve, nd\u00ebrsa p\u00ebr fermer\u00ebt nuk ka asnj\u00eb ndihm\u00eb.<\/p>\n<p>Shteti \u00ebsht\u00eb i interesuar vet\u00ebm p\u00ebr nj\u00eb grup oligark\u00ebsh q\u00eb i nisin me 50 milion\u00eb rrug\u00ebt dhe i shkojn\u00eb me 170, e nisin me 70 dhe e p\u00ebrfundojn\u00eb me 700. Prandaj \u00ebsht\u00eb e pamundshme, se parat\u00eb q\u00eb ka marr\u00eb qeveria nga rritja e \u00e7mimeve nuk ndihmon shtresat n\u00eb nevoj\u00eb dhe bizneset e ndersh\u00ebm, por shkojn\u00eb n\u00eb xhepat e oligark\u00ebve<\/p>\n<p>Qeveria duhet t\u00eb ket\u00eb prioritet q\u00eb qershia nga fermeri shitet me 400 nd\u00ebrsa n\u00eb Tiran\u00eb shitet me 2000 lek\u00eb. Pra nuk fiton prodhuesi por vet\u00ebm oligark\u00ebt.<\/p>\n<p>Sa lek\u00eb ka dh\u00ebn\u00eb qeveria p\u00ebr t\u00eb ndihmuar fermer\u00ebt?<\/p>\n<p>Naft\u00ebn q\u00eb ndan qeveria e marrin vet\u00ebm persona t\u00eb lidhur me qeverin\u00eb dhe PS.<\/p>\n<p>Pallati i Brigatave sot n\u00eb media, tritol zyrtar\u00ebve, \u00e7far\u00eb autoriteti ka shteti k\u00ebshtu? Ose jan\u00eb persona problematik dhe jan\u00eb n\u00eb ato detyra, ose autoritetti i shtetit \u00ebsht\u00eb n\u00eb tok\u00eb.<\/p>\n<p>Jo se Shqip\u00ebria nuk ka para, por nuk rishp\u00ebrndahen n\u00eb m\u00ebnyr\u00eb t\u00eb drejt\u00eb. N\u00ebse do t\u00eb kishte favorizim q\u00eb do prekej biznesi dhe pun\u00ebtor\u00ebt do ta votonim pro.<\/p>\n<p>Pa pik\u00eb turpi b\u00ebhet sikur ndihmohet popullsia kur parat\u00eb i marrin vet\u00ebm nj\u00eb grusht personash.<\/p>\n<p>Parat\u00eb po pastrohen n\u00eb Tiran\u00eb vet\u00ebm me nd\u00ebrtim, sektor ku bankat nuk japin para si sektor me rrisk nd\u00ebrsa nd\u00ebrtimet rriten e burimi i parave nuk dihet nga vjen.<\/p>\n<p>Sa i p\u00ebrket kategorive q\u00eb i japin vendit p\u00ebrmes pun\u00ebs intelektuale n\u00eb profesionet e lira, k\u00ebrkoni ti rrisni taksimin. Parat\u00eb q\u00eb po i jepni oligark\u00ebve mjaftojn\u00eb q\u00eb t\u00eb pakt\u00ebn t\u00eb mos rritet taksimi p\u00ebr ta.<\/p>\n<p>Ju i merrni votat nga oligark\u00ebt dhe i ndani me ta.<\/p>\n<p>P\u00ebr shkak se \u00ebsht\u00eb qeveri q\u00eb i sh\u00ebrben nj\u00eb grushti njer\u00ebzish ndaj ka p\u00ebrfunduar k\u00ebshtu situata e qytetar\u00ebve shqiptar\u00eb, por dita po vjen\u201d, tha ai.<\/p>\n","protected":false},"excerpt":{"rendered":"<p>Deputeti i Partis\u00eb Demokratike Ervin Salianji, n\u00eb fjal\u00ebn e tij nga Kuvendi ka akuzuar qeverin\u00eb se \u00ebsht\u00eb duke favorizuar disa kompani dhe nuk jep ndihm\u00eb reale p\u00ebr personat q\u00eb v\u00ebrtet\u00eb kan\u00eb nevoj\u00eb. Ai \u00ebsht\u00eb shprehur se parat\u00eb t\u00eb cilat tentohet t\u2019u jepen oligark\u00ebve, do t\u00eb mjaftonin q\u00eb t\u00eb pakt\u00ebn t\u00eb mos rritej taksimi p\u00ebr profesionet [&hellip;]<\/p>\n","protected":false},"author":2020,"featured_media":267241,"comment_status":"closed","ping_status":"closed","sticky":false,"template":"","format":"standard","meta":{"footnotes":""},"categories":[241,5380,231,1454],"tags":[],"class_list":{"0":"post-267236","1":"post","2":"type-post","3":"status-publish","4":"format-standard","5":"has-post-thumbnail","7":"category-aktualitet","8":"category-kryesore","9":"category-lajme","10":"category-politike"},"_links":{"self":[{"href":"https:\/\/zjarr.tv\/sq\/wp-json\/wp\/v2\/posts\/267236","targetHints":{"allow":["GET"]}}],"collection":[{"href":"https:\/\/zjarr.tv\/sq\/wp-json\/wp\/v2\/posts"}],"about":[{"href":"https:\/\/zjarr.tv\/sq\/wp-json\/wp\/v2\/types\/post"}],"author":[{"embeddable":true,"href":"https:\/\/zjarr.tv\/sq\/wp-json\/wp\/v2\/users\/2020"}],"replies":[{"embeddable":true,"href":"https:\/\/zjarr.tv\/sq\/wp-json\/wp\/v2\/comments?post=267236"}],"version-history":[{"count":0,"href":"https:\/\/zjarr.tv\/sq\/wp-json\/wp\/v2\/posts\/267236\/revisions"}],"wp:featuredmedia":[{"embeddable":true,"href":"https:\/\/zjarr.tv\/sq\/wp-json\/wp\/v2\/media\/267241"}],"wp:attachment":[{"href":"https:\/\/zjarr.tv\/sq\/wp-json\/wp\/v2\/media?parent=267236"}],"wp:term":[{"taxonomy":"category","embeddable":true,"href":"https:\/\/zjarr.tv\/sq\/wp-json\/wp\/v2\/categories?post=267236"},{"taxonomy":"post_tag","embeddable":true,"href":"https:\/\/zjarr.tv\/sq\/wp-json\/wp\/v2\/tags?post=267236"}],"curies":[{"name":"wp","href":"https:\/\/api.w.org\/{rel}","templated":true}]}}