{"id":269717,"date":"2022-07-07T19:55:50","date_gmt":"2022-07-07T17:55:50","guid":{"rendered":"https:\/\/zjarr.tv\/?p=269717"},"modified":"2022-07-07T19:55:50","modified_gmt":"2022-07-07T17:55:50","slug":"iku-koha-e-rrufjaneve-pankarta-ndryshe-ne-proteste-qe-ironizon-bashen-e-ramen","status":"publish","type":"post","link":"https:\/\/zjarr.tv\/sq\/iku-koha-e-rrufjaneve-pankarta-ndryshe-ne-proteste-qe-ironizon-bashen-e-ramen\/","title":{"rendered":"&#8216;Iku koha e rrufjan\u00ebve&#8217;\/ Pankarta ndryshe n\u00eb protest\u00eb q\u00eb ironizon Bash\u00ebn e Ram\u00ebn"},"content":{"rendered":"<p>\u201cIku koha e rrufjan\u00ebve\u201d, kjo \u00ebsht\u00eb nj\u00eb nga parullat ndryshe n\u00eb protest\u00ebn e sotme, t\u00eb thirrur nga Sali Berisha. Kjo parull\u00eb ironizon ish-kreun e Partis\u00eb Demokratike, Lulzim Basha dhe kryeministrin Edi Rama.<\/p>\n<p>Nd\u00ebrkoh\u00eb n\u00eb nj\u00eb tjet\u00ebr slogan shkruhet: \u201cDuam t\u00eb jetojm\u00eb n\u00eb Shqip\u00ebri\u201d.<\/p>\n<p>Shum\u00eb qytetar\u00eb jan\u00eb mbledhur sot para kryeministris\u00eb, duke protestuar kund\u00ebr qeveris\u00eb.<\/p>\n<p>Sali Berisha i \u00ebsht\u00eb bashkuar qytetar\u00ebve, nd\u00ebrsa shihet se e pranishme \u00ebsht\u00eb edhe kryetarja e LSI-s\u00eb, Monika Kryemadhi.<\/p>\n","protected":false},"excerpt":{"rendered":"<p>\u201cIku koha e rrufjan\u00ebve\u201d, kjo \u00ebsht\u00eb nj\u00eb nga parullat ndryshe n\u00eb protest\u00ebn e sotme, t\u00eb thirrur nga Sali Berisha. Kjo parull\u00eb ironizon ish-kreun e Partis\u00eb Demokratike, Lulzim Basha dhe kryeministrin Edi Rama. Nd\u00ebrkoh\u00eb n\u00eb nj\u00eb tjet\u00ebr slogan shkruhet: \u201cDuam t\u00eb jetojm\u00eb n\u00eb Shqip\u00ebri\u201d. Shum\u00eb qytetar\u00eb jan\u00eb mbledhur sot para kryeministris\u00eb, duke protestuar kund\u00ebr qeveris\u00eb. Sali [&hellip;]<\/p>\n","protected":false},"author":2030,"featured_media":269718,"comment_status":"closed","ping_status":"closed","sticky":false,"template":"","format":"standard","meta":{"footnotes":""},"categories":[241,5380,231,1454],"tags":[],"class_list":{"0":"post-269717","1":"post","2":"type-post","3":"status-publish","4":"format-standard","5":"has-post-thumbnail","7":"category-aktualitet","8":"category-kryesore","9":"category-lajme","10":"category-politike"},"_links":{"self":[{"href":"https:\/\/zjarr.tv\/sq\/wp-json\/wp\/v2\/posts\/269717","targetHints":{"allow":["GET"]}}],"collection":[{"href":"https:\/\/zjarr.tv\/sq\/wp-json\/wp\/v2\/posts"}],"about":[{"href":"https:\/\/zjarr.tv\/sq\/wp-json\/wp\/v2\/types\/post"}],"author":[{"embeddable":true,"href":"https:\/\/zjarr.tv\/sq\/wp-json\/wp\/v2\/users\/2030"}],"replies":[{"embeddable":true,"href":"https:\/\/zjarr.tv\/sq\/wp-json\/wp\/v2\/comments?post=269717"}],"version-history":[{"count":0,"href":"https:\/\/zjarr.tv\/sq\/wp-json\/wp\/v2\/posts\/269717\/revisions"}],"wp:featuredmedia":[{"embeddable":true,"href":"https:\/\/zjarr.tv\/sq\/wp-json\/wp\/v2\/media\/269718"}],"wp:attachment":[{"href":"https:\/\/zjarr.tv\/sq\/wp-json\/wp\/v2\/media?parent=269717"}],"wp:term":[{"taxonomy":"category","embeddable":true,"href":"https:\/\/zjarr.tv\/sq\/wp-json\/wp\/v2\/categories?post=269717"},{"taxonomy":"post_tag","embeddable":true,"href":"https:\/\/zjarr.tv\/sq\/wp-json\/wp\/v2\/tags?post=269717"}],"curies":[{"name":"wp","href":"https:\/\/api.w.org\/{rel}","templated":true}]}}