{"id":272023,"date":"2022-07-17T16:13:01","date_gmt":"2022-07-17T14:13:01","guid":{"rendered":"https:\/\/zjarr.tv\/?p=272023"},"modified":"2022-07-17T16:13:01","modified_gmt":"2022-07-17T14:13:01","slug":"akshi-mbyll-e-albania-ironia-e-ish-ministrit-te-drejtesise-ku-na-e-gjeti-tani-qe-po-hapnim-akademine-e-mbjelljeve-online-urgjent-nje-tender-sekret","status":"publish","type":"post","link":"https:\/\/zjarr.tv\/sq\/akshi-mbyll-e-albania-ironia-e-ish-ministrit-te-drejtesise-ku-na-e-gjeti-tani-qe-po-hapnim-akademine-e-mbjelljeve-online-urgjent-nje-tender-sekret\/","title":{"rendered":"AKSHI mbyll e-Albania, ironia e ish-ministrit t\u00eb Drejt\u00ebsis\u00eb: Ku na e gjeti tani q\u00eb po hapnim akademin\u00eb e mbjelljeve online! Urgjent nj\u00eb tender sekret"},"content":{"rendered":"<p>Pasi AKSHI njoftoi mbylljen e sh\u00ebrbimeve online p\u00ebr shkak t\u00eb sulmeve kibernetike, vjen nj\u00eb reagim nga ish-ministri i Drejt\u00ebsis\u00eb, Ylli Manjani. <\/p>\n<p>Ky i fundit p\u00ebrmes nj\u00eb mesazhi n\u00eb \u2018Facebook\u2019 nuk i ka kursyer ironit\u00eb duke shtuar se n\u00eb k\u00ebt\u00eb koh\u00eb do t\u00eb hapej dhe \u2018akademia e mbjelljeve online\u2019. Duke vijuar n\u00eb k\u00ebt\u00eb linj\u00eb Manjani thekson se nevojitet urgjent nj\u00eb tender sekret t\u00eb kapen kibernetistin. <\/p>\n<p>\u201cSulm kibernetik AKSH-it?!<br \/>\nUau!<br \/>\nKu na e gjeti tani q\u00eb po hapnim akademin\u00eb e mbjelljeve online\u2026!<\/p>\n<p>Urgjent nj\u00eb tender sekret t\u00eb kapim kibernetistin, q\u00eb qenka edhe jasht\u00eb shteti. Ka kosto dmth\u2026\ud83d\ude09<\/p>\n<p>***<\/p>\n<p>Ups!<\/p>\n<p>Na ik\u00ebn dritat.<\/p>\n<p>Hajde shnet se na duhet bateria e celularit.\u201d, shkruan Manjani.<\/p>\n","protected":false},"excerpt":{"rendered":"<p>Pasi AKSHI njoftoi mbylljen e sh\u00ebrbimeve online p\u00ebr shkak t\u00eb sulmeve kibernetike, vjen nj\u00eb reagim nga ish-ministri i Drejt\u00ebsis\u00eb, Ylli Manjani. Ky i fundit p\u00ebrmes nj\u00eb mesazhi n\u00eb \u2018Facebook\u2019 nuk i ka kursyer ironit\u00eb duke shtuar se n\u00eb k\u00ebt\u00eb koh\u00eb do t\u00eb hapej dhe \u2018akademia e mbjelljeve online\u2019. Duke vijuar n\u00eb k\u00ebt\u00eb linj\u00eb Manjani thekson [&hellip;]<\/p>\n","protected":false},"author":2031,"featured_media":189440,"comment_status":"closed","ping_status":"closed","sticky":false,"template":"","format":"standard","meta":{"footnotes":""},"categories":[241,231,235],"tags":[],"class_list":{"0":"post-272023","1":"post","2":"type-post","3":"status-publish","4":"format-standard","5":"has-post-thumbnail","7":"category-aktualitet","8":"category-lajme","9":"category-vendi"},"_links":{"self":[{"href":"https:\/\/zjarr.tv\/sq\/wp-json\/wp\/v2\/posts\/272023","targetHints":{"allow":["GET"]}}],"collection":[{"href":"https:\/\/zjarr.tv\/sq\/wp-json\/wp\/v2\/posts"}],"about":[{"href":"https:\/\/zjarr.tv\/sq\/wp-json\/wp\/v2\/types\/post"}],"author":[{"embeddable":true,"href":"https:\/\/zjarr.tv\/sq\/wp-json\/wp\/v2\/users\/2031"}],"replies":[{"embeddable":true,"href":"https:\/\/zjarr.tv\/sq\/wp-json\/wp\/v2\/comments?post=272023"}],"version-history":[{"count":0,"href":"https:\/\/zjarr.tv\/sq\/wp-json\/wp\/v2\/posts\/272023\/revisions"}],"wp:featuredmedia":[{"embeddable":true,"href":"https:\/\/zjarr.tv\/sq\/wp-json\/wp\/v2\/media\/189440"}],"wp:attachment":[{"href":"https:\/\/zjarr.tv\/sq\/wp-json\/wp\/v2\/media?parent=272023"}],"wp:term":[{"taxonomy":"category","embeddable":true,"href":"https:\/\/zjarr.tv\/sq\/wp-json\/wp\/v2\/categories?post=272023"},{"taxonomy":"post_tag","embeddable":true,"href":"https:\/\/zjarr.tv\/sq\/wp-json\/wp\/v2\/tags?post=272023"}],"curies":[{"name":"wp","href":"https:\/\/api.w.org\/{rel}","templated":true}]}}