{"id":273075,"date":"2022-07-23T11:29:44","date_gmt":"2022-07-23T09:29:44","guid":{"rendered":"https:\/\/zjarr.tv\/?p=273075"},"modified":"2022-07-23T11:29:44","modified_gmt":"2022-07-23T09:29:44","slug":"belind-kellici-sali-berisha-ka-hyre-ne-shtepine-e-bardhe-pa-ndonje-kanabist-me-vete-si-saimir-tahiri","status":"publish","type":"post","link":"https:\/\/zjarr.tv\/sq\/belind-kellici-sali-berisha-ka-hyre-ne-shtepine-e-bardhe-pa-ndonje-kanabist-me-vete-si-saimir-tahiri\/","title":{"rendered":"Belind K\u00eblli\u00e7i: Sali Berisha ka hyr\u00eb n\u00eb Sht\u00ebpin\u00eb e Bardh\u00eb pa ndonj\u00eb kanabist me vete si Saimir Tahiri"},"content":{"rendered":"<p>Belind K\u00eblli\u00e7i deputeti i partis\u00eb demokratike ka reaguar mbi vendimin e Mbret\u00ebris\u00eb s\u00eb Bashkuar duke shpallur Sali Berish\u00ebn \u2018Non Grada\u2019.<\/p>\n<p>K\u00eblli\u00e7i u shpreh se \u201cSali Berisha ka hyr\u00eb n\u00eb Sht\u00ebpin\u00eb e Bardh\u00eb pa ndonj\u00eb kanabist me vete si Saimir Tahiri, ky \u00ebsht\u00eb nj\u00eb kurth p\u00ebr t\u00eb armiq\u00ebsuar demokrat\u00ebt me Per\u00ebndimin, kurth n\u00eb t\u00eb cilin ne nuk biem sepse jemi proper\u00ebndimor\u00eb me shtyll\u00eb kurrizore dhe nuk b\u00ebhemi dot titist\u00eb, stalinist\u00eb, maoist\u00eb e as kanabist\u00eb\u201d.<\/p>\n<p>Postimi:<\/p>\n<p>Sali Berisha ka hyr\u00eb n\u00eb Sht\u00ebpin\u00eb e Bardh\u00eb pa ndonj\u00eb kanabist me vete si Saimir Tahiri. Sali Berisha nuk e p\u00ebrdori anonimatin q\u00eb garantoi Ambasada e Mbret\u00ebris\u00eb s\u00eb Bashkuar p\u00ebr personat non grata, por i doli problemit ballas.<\/p>\n<p>Pas mb\u00ebshtetjes popullore p\u00ebr rikthimin e Sali Berish\u00ebs, pati nj\u00eb \u201curgjenc\u00eb\u201d p\u00ebr t\u00eb unifikuar q\u00ebndrimin e DASH me partner\u00ebt europian\u00eb.<\/p>\n<p>Ky \u00ebsht\u00eb nj\u00eb kurth p\u00ebr t\u00eb armiq\u00ebsuar demokrat\u00ebt me Per\u00ebndimin, kurth n\u00eb t\u00eb cilin ne nuk biem sepse jemi proper\u00ebndimor\u00eb me shtyll\u00eb kurrizore dhe nuk b\u00ebhemi dot titist\u00eb, stalinist\u00eb, maoist\u00eb e as kanabist\u00eb.<\/p>\n<p>Sponsori i Edi Ram\u00ebs, sado para dhe influenc\u00eb t\u00eb ket\u00eb, nuk e pastron dot Edin e tij nga pisll\u00ebqet e 9 viteve qeverisje, nga kryebashkiak\u00ebt, deputet\u00ebt dhe ministrat q\u00eb jan\u00eb zhytur bashk\u00eb me t\u00eb n\u00eb m..!<\/p>\n<p>Mb\u00ebshtetje maksimale p\u00ebr Sali Berish\u00ebn!<\/p>\n","protected":false},"excerpt":{"rendered":"<p>Belind K\u00eblli\u00e7i deputeti i partis\u00eb demokratike ka reaguar mbi vendimin e Mbret\u00ebris\u00eb s\u00eb Bashkuar duke shpallur Sali Berish\u00ebn \u2018Non Grada\u2019. K\u00eblli\u00e7i u shpreh se \u201cSali Berisha ka hyr\u00eb n\u00eb Sht\u00ebpin\u00eb e Bardh\u00eb pa ndonj\u00eb kanabist me vete si Saimir Tahiri, ky \u00ebsht\u00eb nj\u00eb kurth p\u00ebr t\u00eb armiq\u00ebsuar demokrat\u00ebt me Per\u00ebndimin, kurth n\u00eb t\u00eb cilin ne [&hellip;]<\/p>\n","protected":false},"author":2020,"featured_media":273078,"comment_status":"closed","ping_status":"closed","sticky":false,"template":"","format":"standard","meta":{"footnotes":""},"categories":[241,5380,231],"tags":[],"class_list":{"0":"post-273075","1":"post","2":"type-post","3":"status-publish","4":"format-standard","5":"has-post-thumbnail","7":"category-aktualitet","8":"category-kryesore","9":"category-lajme"},"_links":{"self":[{"href":"https:\/\/zjarr.tv\/sq\/wp-json\/wp\/v2\/posts\/273075","targetHints":{"allow":["GET"]}}],"collection":[{"href":"https:\/\/zjarr.tv\/sq\/wp-json\/wp\/v2\/posts"}],"about":[{"href":"https:\/\/zjarr.tv\/sq\/wp-json\/wp\/v2\/types\/post"}],"author":[{"embeddable":true,"href":"https:\/\/zjarr.tv\/sq\/wp-json\/wp\/v2\/users\/2020"}],"replies":[{"embeddable":true,"href":"https:\/\/zjarr.tv\/sq\/wp-json\/wp\/v2\/comments?post=273075"}],"version-history":[{"count":0,"href":"https:\/\/zjarr.tv\/sq\/wp-json\/wp\/v2\/posts\/273075\/revisions"}],"wp:featuredmedia":[{"embeddable":true,"href":"https:\/\/zjarr.tv\/sq\/wp-json\/wp\/v2\/media\/273078"}],"wp:attachment":[{"href":"https:\/\/zjarr.tv\/sq\/wp-json\/wp\/v2\/media?parent=273075"}],"wp:term":[{"taxonomy":"category","embeddable":true,"href":"https:\/\/zjarr.tv\/sq\/wp-json\/wp\/v2\/categories?post=273075"},{"taxonomy":"post_tag","embeddable":true,"href":"https:\/\/zjarr.tv\/sq\/wp-json\/wp\/v2\/tags?post=273075"}],"curies":[{"name":"wp","href":"https:\/\/api.w.org\/{rel}","templated":true}]}}