{"id":273422,"date":"2022-07-24T15:34:17","date_gmt":"2022-07-24T13:34:17","guid":{"rendered":"https:\/\/zjarr.tv\/?p=273422"},"modified":"2022-07-24T15:34:57","modified_gmt":"2022-07-24T13:34:57","slug":"nga-elona-caslli-kushdo-ka-te-drejten-te-pretendoje-largimin-e-berishes-nga-skena-politike-per-dhjetra-arsye","status":"publish","type":"post","link":"https:\/\/zjarr.tv\/sq\/nga-elona-caslli-kushdo-ka-te-drejten-te-pretendoje-largimin-e-berishes-nga-skena-politike-per-dhjetra-arsye\/","title":{"rendered":"Nga Elona Caslli: Kushdo ka t\u00eb drejt\u00ebn t\u00eb pretendoj\u00eb largimin e Berish\u00ebs nga skena politike p\u00ebr dhjetra arsye."},"content":{"rendered":"<p>Faktori nd\u00ebrkomb\u00ebtar ka t\u00eb drejt\u00ebn ta shoh\u00eb me skepticiz\u00ebm rikthimin e Berish\u00ebs n\u00eb krye t\u00eb opozit\u00ebs.<\/p>\n<p>Ajo \u00e7ka k\u00ebrcet n\u00eb k\u00ebt\u00eb mes dhe k\u00ebrcet keq, \u00ebsht\u00eb heshtja e faktorit nd\u00ebrkomb\u00ebtar p\u00ebr \u00e7do skandal rilindas dhe ngulmimi i skajsh\u00ebm p\u00ebr largimin e Berish\u00ebs.<\/p>\n<p>Faktori nd\u00ebrkomb\u00ebtar do t\u00eb ishte i besuesh\u00ebm sikur me t\u00eb nj\u00ebjt\u00ebn denduri q\u00eb k\u00ebrkon t\u00ebrheqjen e Berish\u00ebs, t\u00eb n\u00ebnvizonte edhe skandalet rilindase q\u00eb jan\u00eb t\u00eb p\u00ebrve\u00e7me qoft\u00eb p\u00ebr nga thellia e d\u00ebmit dhe qoft\u00eb p\u00ebr nga skenari, ku nj\u00eb \u00e7oban\u00a0 kthehet n\u00eb biznesmen nga nj\u00eb dit\u00eb n\u00eb tjetr\u00ebn n\u00eb \u00e7\u00ebshtjen e incenerator\u00ebve dhe qindra miliona euro fluturojn\u00eb nga buxheti i shtetit.<\/p>\n<p>Alibia se prania e Berish\u00ebs e detyron faktorin nderkomb\u00ebtar t\u00eb hesht\u00eb para \u00e7do skandali rilindas dhe se mungesa e Berish\u00ebs do provokonte reagimin e k\u00ebtij faktori kundrejt \u00e7do skandali rilindas, m\u00eb b\u00ebn thjesht t\u00eb n\u00ebnqesh.<\/p>\n<p>Post Scriptum- Nuk mund t\u00eb jet\u00eb Berisha alibia e p\u00ebrjetshme p\u00ebr t\u00eb p\u00ebrligjur \u00e7do skandal rilindas n\u00eb k\u00ebt\u00eb vend.\/Elona Caslli<\/p>\n","protected":false},"excerpt":{"rendered":"<p>Faktori nd\u00ebrkomb\u00ebtar ka t\u00eb drejt\u00ebn ta shoh\u00eb me skepticiz\u00ebm rikthimin e Berish\u00ebs n\u00eb krye t\u00eb opozit\u00ebs. Ajo \u00e7ka k\u00ebrcet n\u00eb k\u00ebt\u00eb mes dhe k\u00ebrcet keq, \u00ebsht\u00eb heshtja e faktorit nd\u00ebrkomb\u00ebtar p\u00ebr \u00e7do skandal rilindas dhe ngulmimi i skajsh\u00ebm p\u00ebr largimin e Berish\u00ebs. Faktori nd\u00ebrkomb\u00ebtar do t\u00eb ishte i besuesh\u00ebm sikur me t\u00eb nj\u00ebjt\u00ebn denduri q\u00eb [&hellip;]<\/p>\n","protected":false},"author":2020,"featured_media":273424,"comment_status":"closed","ping_status":"closed","sticky":false,"template":"","format":"standard","meta":{"footnotes":""},"categories":[241,5380,231],"tags":[],"class_list":{"0":"post-273422","1":"post","2":"type-post","3":"status-publish","4":"format-standard","5":"has-post-thumbnail","7":"category-aktualitet","8":"category-kryesore","9":"category-lajme"},"_links":{"self":[{"href":"https:\/\/zjarr.tv\/sq\/wp-json\/wp\/v2\/posts\/273422","targetHints":{"allow":["GET"]}}],"collection":[{"href":"https:\/\/zjarr.tv\/sq\/wp-json\/wp\/v2\/posts"}],"about":[{"href":"https:\/\/zjarr.tv\/sq\/wp-json\/wp\/v2\/types\/post"}],"author":[{"embeddable":true,"href":"https:\/\/zjarr.tv\/sq\/wp-json\/wp\/v2\/users\/2020"}],"replies":[{"embeddable":true,"href":"https:\/\/zjarr.tv\/sq\/wp-json\/wp\/v2\/comments?post=273422"}],"version-history":[{"count":0,"href":"https:\/\/zjarr.tv\/sq\/wp-json\/wp\/v2\/posts\/273422\/revisions"}],"wp:featuredmedia":[{"embeddable":true,"href":"https:\/\/zjarr.tv\/sq\/wp-json\/wp\/v2\/media\/273424"}],"wp:attachment":[{"href":"https:\/\/zjarr.tv\/sq\/wp-json\/wp\/v2\/media?parent=273422"}],"wp:term":[{"taxonomy":"category","embeddable":true,"href":"https:\/\/zjarr.tv\/sq\/wp-json\/wp\/v2\/categories?post=273422"},{"taxonomy":"post_tag","embeddable":true,"href":"https:\/\/zjarr.tv\/sq\/wp-json\/wp\/v2\/tags?post=273422"}],"curies":[{"name":"wp","href":"https:\/\/api.w.org\/{rel}","templated":true}]}}