{"id":273456,"date":"2022-07-24T20:01:26","date_gmt":"2022-07-24T18:01:26","guid":{"rendered":"https:\/\/zjarr.tv\/?p=273456"},"modified":"2022-07-24T20:01:26","modified_gmt":"2022-07-24T18:01:26","slug":"yuri-kim-uron-bajram-begajn-pas-betimit-mezi-presim-te-punojme-per-thellimin-e-partneritetit-shba-shqiperi","status":"publish","type":"post","link":"https:\/\/zjarr.tv\/sq\/yuri-kim-uron-bajram-begajn-pas-betimit-mezi-presim-te-punojme-per-thellimin-e-partneritetit-shba-shqiperi\/","title":{"rendered":"Yuri Kim uron Bajram Begajn pas betimit: Mezi presim t\u00eb punojm\u00eb p\u00ebr thellimin e partneritetit SHBA-Shqip\u00ebri"},"content":{"rendered":"<p>Ambasadorja e SHBA-ve n\u00eb Tiran\u00eb, Yuri Kim ka qen\u00eb e para n\u00eb radh\u00ebt e diplomat\u00ebve n\u00eb kryeqytet q\u00eb ka uruar Bajram Begajn pas betimit n\u00eb Kuvend, n\u00eb detyr\u00ebn e tij t\u00eb re si President i Republik\u00ebs s\u00eb Shqip\u00ebris\u00eb.<\/p>\n<p>\u201cUrime Bajram Begajt p\u00ebr inaugurimin e tij si President i ri i Shqip\u00ebris\u00eb. Ne mezi presim t\u00eb punojm\u00eb me Presidentin Begaj p\u00ebr thellimin e partneritetit t\u00eb q\u00ebndruesh\u00ebm SHBA-Shqip\u00ebri, forcimin e demokracis\u00eb s\u00eb Shqip\u00ebris\u00eb dhe mbrojtjen e paqes dhe siguris\u00eb si aleat\u00eb t\u00eb NATO-s. #krahperkrah\u201d, shkruan Kim n\u00eb Twitter.<\/p>\n","protected":false},"excerpt":{"rendered":"<p>Ambasadorja e SHBA-ve n\u00eb Tiran\u00eb, Yuri Kim ka qen\u00eb e para n\u00eb radh\u00ebt e diplomat\u00ebve n\u00eb kryeqytet q\u00eb ka uruar Bajram Begajn pas betimit n\u00eb Kuvend, n\u00eb detyr\u00ebn e tij t\u00eb re si President i Republik\u00ebs s\u00eb Shqip\u00ebris\u00eb. \u201cUrime Bajram Begajt p\u00ebr inaugurimin e tij si President i ri i Shqip\u00ebris\u00eb. Ne mezi presim t\u00eb [&hellip;]<\/p>\n","protected":false},"author":2030,"featured_media":273457,"comment_status":"closed","ping_status":"closed","sticky":false,"template":"","format":"standard","meta":{"footnotes":""},"categories":[241,3366,5380,231,1454],"tags":[],"class_list":{"0":"post-273456","1":"post","2":"type-post","3":"status-publish","4":"format-standard","5":"has-post-thumbnail","7":"category-aktualitet","8":"category-koment","9":"category-kryesore","10":"category-lajme","11":"category-politike"},"_links":{"self":[{"href":"https:\/\/zjarr.tv\/sq\/wp-json\/wp\/v2\/posts\/273456","targetHints":{"allow":["GET"]}}],"collection":[{"href":"https:\/\/zjarr.tv\/sq\/wp-json\/wp\/v2\/posts"}],"about":[{"href":"https:\/\/zjarr.tv\/sq\/wp-json\/wp\/v2\/types\/post"}],"author":[{"embeddable":true,"href":"https:\/\/zjarr.tv\/sq\/wp-json\/wp\/v2\/users\/2030"}],"replies":[{"embeddable":true,"href":"https:\/\/zjarr.tv\/sq\/wp-json\/wp\/v2\/comments?post=273456"}],"version-history":[{"count":0,"href":"https:\/\/zjarr.tv\/sq\/wp-json\/wp\/v2\/posts\/273456\/revisions"}],"wp:featuredmedia":[{"embeddable":true,"href":"https:\/\/zjarr.tv\/sq\/wp-json\/wp\/v2\/media\/273457"}],"wp:attachment":[{"href":"https:\/\/zjarr.tv\/sq\/wp-json\/wp\/v2\/media?parent=273456"}],"wp:term":[{"taxonomy":"category","embeddable":true,"href":"https:\/\/zjarr.tv\/sq\/wp-json\/wp\/v2\/categories?post=273456"},{"taxonomy":"post_tag","embeddable":true,"href":"https:\/\/zjarr.tv\/sq\/wp-json\/wp\/v2\/tags?post=273456"}],"curies":[{"name":"wp","href":"https:\/\/api.w.org\/{rel}","templated":true}]}}