{"id":273463,"date":"2022-07-24T20:13:40","date_gmt":"2022-07-24T18:13:40","guid":{"rendered":"https:\/\/zjarr.tv\/?p=273463"},"modified":"2022-07-24T20:13:40","modified_gmt":"2022-07-24T18:13:40","slug":"meta-i-dorezon-postin-e-presidentit-bajram-begaj-e-falenderoj-per-permbushjen-e-detyres-sot-dita-me-e-rendesishme-e-jetes-time","status":"publish","type":"post","link":"https:\/\/zjarr.tv\/sq\/meta-i-dorezon-postin-e-presidentit-bajram-begaj-e-falenderoj-per-permbushjen-e-detyres-sot-dita-me-e-rendesishme-e-jetes-time\/","title":{"rendered":"Meta i dor\u00ebzon postin e Presidentit, Bajram Begaj: E falenderoj p\u00ebr p\u00ebrmbushjen e detyr\u00ebs! Sot, dita m\u00eb e r\u00ebnd\u00ebsishme e jet\u00ebs time"},"content":{"rendered":"<p>Presidenti Bajram Begaj mori zyrtarisht detyr\u00ebn si kreu i Republik\u00ebs s\u00eb Shqip\u00ebris\u00eb. Gjat\u00eb fjal\u00ebs s\u00eb tij kreu i shtetit falenderoi paraardh\u00ebsin e tij, ish-presidentin Ilir Meta, p\u00ebr p\u00ebrmbushjen e detyr\u00ebs dhe p\u00ebr komunikimin e patur mes tyre.<\/p>\n<p>Begaj u shpreh se kjo \u00ebsht\u00eb dita m\u00eb e r\u00ebnd\u00ebsishme e jet\u00ebs s\u00eb tij dhe se do t\u00eb jet\u00eb sh\u00ebrb\u00ebtori i popullit shqiptar.<\/p>\n<p>Ai tha se siguria komb\u00ebtare do t\u00eb ket\u00eb v\u00ebmendje t\u00eb madhe gjat\u00eb mandatit t\u00eb tij presidencial.<\/p>\n<p>\u201cDua t\u00eb falenderoj Met\u00ebn p\u00ebr p\u00ebrmbushjen e detyr\u00ebs, komunikimin professional dhe social q\u00eb pat\u00ebm gjat\u00eb periudh\u00ebs s\u00eb detyr\u00ebs. P\u00ebr mua sot \u00ebsht\u00eb nj\u00eb dit\u00eb e ve\u00e7ant\u00eb, padyshim dita m\u00eb e r\u00ebnd\u00ebsishme e jet\u00ebs time. Jam para jush dhe ju drejtohem me nderin dhe privilegjin t\u00eb zgjedhur n\u00eb positn m\u00eb t\u00eb madh, at\u00eb t\u00eb presidnetit t\u00eb Republik\u00ebs. Ky besim m\u00eb ngarkon me p\u00ebrgjegj\u00ebsi ndaj qytetar\u00ebve t\u00eb Kombit tim, ndaj partner\u00ebve dhe miqve dhe familjes time. Sot u betova p\u00ebr besnik\u00ebri ndaj Kushtetut\u00ebs.<\/p>\n<p>Do jem sh\u00ebrb\u00ebtor i popullit tim, p\u00ebrfaq\u00ebsues i unitetit komb\u00ebtar. Do t\u00eb jem kontribues i komunikimit dhe bashk\u00ebpunimit, i nismave dhe ideve q\u00eb zhvillojn\u00eb dhe \u00e7ojn\u00eb para sho\u00eb\u00ebrin\u00eb ton\u00eb. Dialogu mes forcave politike, komuniteteve fetare, d\u00ebgjimi i v\u00ebmendsh\u00ebm i medias s\u00eb lir\u00eb, respektimi dhe pranimi i debatit mund\u00ebson q\u00eb forca e tij t\u00eb mish\u00ebrohet n\u00eb mir\u00ebq\u00ebnie\u00a0 zhvillim dhe progres p\u00ebr qytetar\u00ebt e vendit.<\/p>\n<p>Un\u00eb do t\u00eb mb\u00ebshtes \u00e7do veprim p\u00ebr t\u00eb arritur marr\u00ebdh\u00ebnie t\u00eb sh\u00ebndosha mn\u00ebp\u00ebrmjet institucioneve Kushtetuese\u201d, tha ai.<\/p>\n","protected":false},"excerpt":{"rendered":"<p>Presidenti Bajram Begaj mori zyrtarisht detyr\u00ebn si kreu i Republik\u00ebs s\u00eb Shqip\u00ebris\u00eb. Gjat\u00eb fjal\u00ebs s\u00eb tij kreu i shtetit falenderoi paraardh\u00ebsin e tij, ish-presidentin Ilir Meta, p\u00ebr p\u00ebrmbushjen e detyr\u00ebs dhe p\u00ebr komunikimin e patur mes tyre. Begaj u shpreh se kjo \u00ebsht\u00eb dita m\u00eb e r\u00ebnd\u00ebsishme e jet\u00ebs s\u00eb tij dhe se do t\u00eb [&hellip;]<\/p>\n","protected":false},"author":2030,"featured_media":273464,"comment_status":"closed","ping_status":"closed","sticky":false,"template":"","format":"standard","meta":{"footnotes":""},"categories":[241,3366,5380,231,1454],"tags":[],"class_list":{"0":"post-273463","1":"post","2":"type-post","3":"status-publish","4":"format-standard","5":"has-post-thumbnail","7":"category-aktualitet","8":"category-koment","9":"category-kryesore","10":"category-lajme","11":"category-politike"},"_links":{"self":[{"href":"https:\/\/zjarr.tv\/sq\/wp-json\/wp\/v2\/posts\/273463","targetHints":{"allow":["GET"]}}],"collection":[{"href":"https:\/\/zjarr.tv\/sq\/wp-json\/wp\/v2\/posts"}],"about":[{"href":"https:\/\/zjarr.tv\/sq\/wp-json\/wp\/v2\/types\/post"}],"author":[{"embeddable":true,"href":"https:\/\/zjarr.tv\/sq\/wp-json\/wp\/v2\/users\/2030"}],"replies":[{"embeddable":true,"href":"https:\/\/zjarr.tv\/sq\/wp-json\/wp\/v2\/comments?post=273463"}],"version-history":[{"count":0,"href":"https:\/\/zjarr.tv\/sq\/wp-json\/wp\/v2\/posts\/273463\/revisions"}],"wp:featuredmedia":[{"embeddable":true,"href":"https:\/\/zjarr.tv\/sq\/wp-json\/wp\/v2\/media\/273464"}],"wp:attachment":[{"href":"https:\/\/zjarr.tv\/sq\/wp-json\/wp\/v2\/media?parent=273463"}],"wp:term":[{"taxonomy":"category","embeddable":true,"href":"https:\/\/zjarr.tv\/sq\/wp-json\/wp\/v2\/categories?post=273463"},{"taxonomy":"post_tag","embeddable":true,"href":"https:\/\/zjarr.tv\/sq\/wp-json\/wp\/v2\/tags?post=273463"}],"curies":[{"name":"wp","href":"https:\/\/api.w.org\/{rel}","templated":true}]}}