{"id":273471,"date":"2022-07-24T20:20:00","date_gmt":"2022-07-24T18:20:00","guid":{"rendered":"https:\/\/zjarr.tv\/?p=273471"},"modified":"2022-07-24T20:20:00","modified_gmt":"2022-07-24T18:20:00","slug":"skandal-me-protokollin-rama-ul-linden-ne-vend-te-zonjes-se-pare","status":"publish","type":"post","link":"https:\/\/zjarr.tv\/sq\/skandal-me-protokollin-rama-ul-linden-ne-vend-te-zonjes-se-pare\/","title":{"rendered":"Skandal me protokollin\/ Rama ul Lind\u00ebn n\u00eb vend t\u00eb Zonj\u00ebs s\u00eb Par\u00eb"},"content":{"rendered":"<p>Skandal me protokollin e ceremonis\u00eb s\u00eb marrjes s\u00eb detyr\u00ebs nga presidenti i ri, Bajram Begaj. M\u00ebsohet se protokollin e ka b\u00ebr\u00eb vet\u00eb Edi Rama.<\/p>\n<p>Kryeministri \u00ebsht\u00eb kujdesur q\u00eb t\u00eb ket\u00eb \u00e7do gj\u00eb n\u00ebn kontroll. Jo m\u00eb kot opozita dhe ve\u00e7an\u00ebrisht Partia Demokratike e akuzon at\u00eb p\u00ebr kontroll 100% t\u00eb pushteteve tashm\u00eb, me marrjen edhe t\u00eb Presidenc\u00ebs.<\/p>\n<p>Sinjali i par\u00eb u dha q\u00eb n\u00eb \u00e7astet e para t\u00eb ceremonis\u00eb kur bashk\u00ebshortja e kryeministrit Linda Rama, u ul n\u00eb vendin e dedikuar p\u00ebr Zonj\u00ebn e Par\u00eb.<\/p>\n<p>Kushdo q\u00eb sheh pamjet do mendoj\u00eb se Linda \u00ebsht\u00eb Zonja e Par\u00eb e vendit, dhe jo gruaja e Edi Ram\u00ebs\u2026<\/p>\n","protected":false},"excerpt":{"rendered":"<p>Skandal me protokollin e ceremonis\u00eb s\u00eb marrjes s\u00eb detyr\u00ebs nga presidenti i ri, Bajram Begaj. M\u00ebsohet se protokollin e ka b\u00ebr\u00eb vet\u00eb Edi Rama. Kryeministri \u00ebsht\u00eb kujdesur q\u00eb t\u00eb ket\u00eb \u00e7do gj\u00eb n\u00ebn kontroll. Jo m\u00eb kot opozita dhe ve\u00e7an\u00ebrisht Partia Demokratike e akuzon at\u00eb p\u00ebr kontroll 100% t\u00eb pushteteve tashm\u00eb, me marrjen edhe t\u00eb [&hellip;]<\/p>\n","protected":false},"author":2030,"featured_media":273472,"comment_status":"closed","ping_status":"closed","sticky":false,"template":"","format":"standard","meta":{"footnotes":""},"categories":[241,3366,5380,231,1454],"tags":[],"class_list":{"0":"post-273471","1":"post","2":"type-post","3":"status-publish","4":"format-standard","5":"has-post-thumbnail","7":"category-aktualitet","8":"category-koment","9":"category-kryesore","10":"category-lajme","11":"category-politike"},"_links":{"self":[{"href":"https:\/\/zjarr.tv\/sq\/wp-json\/wp\/v2\/posts\/273471","targetHints":{"allow":["GET"]}}],"collection":[{"href":"https:\/\/zjarr.tv\/sq\/wp-json\/wp\/v2\/posts"}],"about":[{"href":"https:\/\/zjarr.tv\/sq\/wp-json\/wp\/v2\/types\/post"}],"author":[{"embeddable":true,"href":"https:\/\/zjarr.tv\/sq\/wp-json\/wp\/v2\/users\/2030"}],"replies":[{"embeddable":true,"href":"https:\/\/zjarr.tv\/sq\/wp-json\/wp\/v2\/comments?post=273471"}],"version-history":[{"count":0,"href":"https:\/\/zjarr.tv\/sq\/wp-json\/wp\/v2\/posts\/273471\/revisions"}],"wp:featuredmedia":[{"embeddable":true,"href":"https:\/\/zjarr.tv\/sq\/wp-json\/wp\/v2\/media\/273472"}],"wp:attachment":[{"href":"https:\/\/zjarr.tv\/sq\/wp-json\/wp\/v2\/media?parent=273471"}],"wp:term":[{"taxonomy":"category","embeddable":true,"href":"https:\/\/zjarr.tv\/sq\/wp-json\/wp\/v2\/categories?post=273471"},{"taxonomy":"post_tag","embeddable":true,"href":"https:\/\/zjarr.tv\/sq\/wp-json\/wp\/v2\/tags?post=273471"}],"curies":[{"name":"wp","href":"https:\/\/api.w.org\/{rel}","templated":true}]}}