{"id":273476,"date":"2022-07-24T21:46:32","date_gmt":"2022-07-24T19:46:32","guid":{"rendered":"https:\/\/zjarr.tv\/?p=273476"},"modified":"2022-07-24T21:46:32","modified_gmt":"2022-07-24T19:46:32","slug":"begaj-u-betua-si-president-indrit-hoxha-rama-sot-me-i-pushtetshem-se-ramiz-alia-kapi-edhe-presidencen","status":"publish","type":"post","link":"https:\/\/zjarr.tv\/sq\/begaj-u-betua-si-president-indrit-hoxha-rama-sot-me-i-pushtetshem-se-ramiz-alia-kapi-edhe-presidencen\/","title":{"rendered":"Begaj u betua si President, Indrit Hoxha: Rama sot m\u00eb i pushtetsh\u00ebm se Ramiz Alia! Kapi edhe Presidenc\u00ebn"},"content":{"rendered":"<p>Sekretari p\u00ebr Emigracionin dhe Diaspor\u00ebn n\u00eb Partin\u00eb Demokratike, Indrit Hoxha, ka reaguar n\u00eb rrjete sociale pas betimit t\u00eb Bajram Begajt si President i ri i Republik\u00ebs s\u00eb Shqip\u00ebris\u00eb. <\/p>\n<p>Hoxha shprehet se zyrtarisht kryeministri Edi Rama ka m\u00eb shum\u00eb kontroll dhe pushtet sesa kishte Ramiz Alia, diktatori i fundit i Shqip\u00ebris\u00eb. <\/p>\n<p>Reagimi i plot\u00eb <\/p>\n<p>Tashm\u00eb zyrtarisht Edi Rama ka m\u00eb shum\u00eb kontroll dhe pushtet sesa kishte Ramiz Alia diktatori fundit i Shqip\u00ebris\u00eb.<\/p>\n<p>Rama kontrollon sot totalisht k\u00ebshillat bashkiak, bashkit\u00eb e vendit, parlamentin dhe presidencen.<\/p>\n<p>\u00a0<\/p>\n","protected":false},"excerpt":{"rendered":"<p>Sekretari p\u00ebr Emigracionin dhe Diaspor\u00ebn n\u00eb Partin\u00eb Demokratike, Indrit Hoxha, ka reaguar n\u00eb rrjete sociale pas betimit t\u00eb Bajram Begajt si President i ri i Republik\u00ebs s\u00eb Shqip\u00ebris\u00eb. Hoxha shprehet se zyrtarisht kryeministri Edi Rama ka m\u00eb shum\u00eb kontroll dhe pushtet sesa kishte Ramiz Alia, diktatori i fundit i Shqip\u00ebris\u00eb. Reagimi i plot\u00eb Tashm\u00eb zyrtarisht [&hellip;]<\/p>\n","protected":false},"author":2031,"featured_media":203498,"comment_status":"closed","ping_status":"closed","sticky":false,"template":"","format":"standard","meta":{"footnotes":""},"categories":[241,231,235],"tags":[],"class_list":{"0":"post-273476","1":"post","2":"type-post","3":"status-publish","4":"format-standard","5":"has-post-thumbnail","7":"category-aktualitet","8":"category-lajme","9":"category-vendi"},"_links":{"self":[{"href":"https:\/\/zjarr.tv\/sq\/wp-json\/wp\/v2\/posts\/273476","targetHints":{"allow":["GET"]}}],"collection":[{"href":"https:\/\/zjarr.tv\/sq\/wp-json\/wp\/v2\/posts"}],"about":[{"href":"https:\/\/zjarr.tv\/sq\/wp-json\/wp\/v2\/types\/post"}],"author":[{"embeddable":true,"href":"https:\/\/zjarr.tv\/sq\/wp-json\/wp\/v2\/users\/2031"}],"replies":[{"embeddable":true,"href":"https:\/\/zjarr.tv\/sq\/wp-json\/wp\/v2\/comments?post=273476"}],"version-history":[{"count":0,"href":"https:\/\/zjarr.tv\/sq\/wp-json\/wp\/v2\/posts\/273476\/revisions"}],"wp:featuredmedia":[{"embeddable":true,"href":"https:\/\/zjarr.tv\/sq\/wp-json\/wp\/v2\/media\/203498"}],"wp:attachment":[{"href":"https:\/\/zjarr.tv\/sq\/wp-json\/wp\/v2\/media?parent=273476"}],"wp:term":[{"taxonomy":"category","embeddable":true,"href":"https:\/\/zjarr.tv\/sq\/wp-json\/wp\/v2\/categories?post=273476"},{"taxonomy":"post_tag","embeddable":true,"href":"https:\/\/zjarr.tv\/sq\/wp-json\/wp\/v2\/tags?post=273476"}],"curies":[{"name":"wp","href":"https:\/\/api.w.org\/{rel}","templated":true}]}}