{"id":273588,"date":"2022-07-25T12:31:57","date_gmt":"2022-07-25T10:31:57","guid":{"rendered":"https:\/\/zjarr.tv\/?p=273588"},"modified":"2022-07-25T12:31:57","modified_gmt":"2022-07-25T10:31:57","slug":"afera-e-inceneratoreve-jorida-tabaku-spak-te-gjeje-guximin-per-te-derguar-para-toges-se-gjyqtarit-kedo-qe-mendon-se-mund-te-bleje-cdokend-ne-kete-vend","status":"publish","type":"post","link":"https:\/\/zjarr.tv\/sq\/afera-e-inceneratoreve-jorida-tabaku-spak-te-gjeje-guximin-per-te-derguar-para-toges-se-gjyqtarit-kedo-qe-mendon-se-mund-te-bleje-cdokend-ne-kete-vend\/","title":{"rendered":"Afera e incenerator\u00ebve\/ Jorida Tabaku: SPAK t\u00eb gjej\u00eb guximin p\u00ebr t\u00eb d\u00ebrguar para tog\u00ebs s\u00eb gjyqtarit k\u00ebdo q\u00eb mendon se mund t\u00eb blej\u00eb \u00e7dok\u00ebnd n\u00eb k\u00ebt\u00eb vend"},"content":{"rendered":"<p><em>Deputetja e PD, Jorida Tabaku k\u00ebrkon drejt\u00ebsi p\u00ebr afer\u00ebn e incenerator\u00ebve.\u00a0 <\/em><em>N\u00eb nj\u00eb postim n\u00eb rrjetet sociale, Tabaku thekson se kjo \u201c\u00ebsht\u00eb nj\u00eb afer\u00eb q\u00eb duhet t\u00eb tregoj\u00eb n\u00ebse SPAK ka integritetin e duhur dhe \u00ebsht\u00eb n\u00eb lart\u00ebsin\u00eb p\u00ebr t\u00eb cil\u00ebn u votua dhe nga PD p\u00ebr t\u2019u krijuar\u201d.<\/em><\/p>\n<p><em>\u201cKoha q\u00eb pand\u00ebshkueshm\u00ebria t\u00eb marr\u00eb fund dhe SPAK t\u00eb gjej\u00eb guximin p\u00ebr t\u00eb d\u00ebrguar p\u00ebrpara tog\u00ebs s\u00eb gjyqtarit k\u00ebdo q\u00eb shkel me arroganc\u00eb dhe q\u00eb mendon se mund t\u00eb blej\u00eb \u00e7dok\u00ebnd n\u00eb k\u00ebt\u00eb vend\u201d, shkruan Tabaku.<\/em><\/p>\n<p><em>Postimi i Jorida Tabakut<\/em><\/p>\n<p><em>Drejt\u00ebsi p\u00ebr afer\u00ebn e incenerator\u00ebve!<\/em><\/p>\n<p><em>Shifrat q\u00eb publikohen nga buxheti i shtetit tregojn\u00eb si mos m\u00eb mir\u00eb situat\u00ebn problematike t\u00eb faturave koncesionare q\u00eb r\u00ebndojn\u00eb xhepat e shqiptar\u00ebve n\u00eb koh\u00eb krize. Akoma m\u00eb keq shumica e k\u00ebtyre kontratave koncesionare kan\u00eb njoll\u00ebn e zez\u00eb t\u00eb korrupsionit.<\/em><\/p>\n<p><em>Jan\u00eb paguar n\u00eb 2021, vit pandemik, thuajse 12 mld lek\u00eb nga buxheti i shtetit p\u00ebr faturat e koncesioneve q\u00eb n\u00eb t\u00eb v\u00ebrtet\u00eb jan\u00eb simboli i korrupsionit q\u00eb po g\u00ebrryen parat\u00eb e shqiptar\u00ebve dhe buxhetin e vendit.<\/em><\/p>\n<p><em>T\u00eb mendosh q\u00eb 2 mld lek\u00eb i jan\u00eb paguar tre incenerator\u00ebve q\u00eb sot jan\u00eb n\u00ebn hetim nga SPAK kur mund t\u2019i paguheshin qytetarwve dhe bizneseve tw mbyllur nga pandemia.<\/em><\/p>\n<p><em>Nj\u00eb vler\u00eb marramend\u00ebse sidomos n\u00eb k\u00ebt\u00eb koh\u00eb krizze kur shqiptar\u00ebt jan\u00eb t\u00eb varf\u00ebr, t\u00eb l\u00ebn\u00eb pasdore dhe t\u00eb harruar nd\u00ebrsa qeveria mendon p\u00ebr grupin e oligark\u00ebve q\u00eb e sponsorizon me taksat e qytetar\u00ebve. <\/em><em>Kryeministri vazhdon t\u00eb mbroj\u00eb k\u00ebto 3 kontrata me vler\u00eb 430 mln euro q\u00eb jan\u00eb vjedhja e shekullit dhe simboli i bab\u00ebzis\u00eb q\u00eb po g\u00ebrryen p\u00ebrdit\u00eb Shqip\u00ebrin\u00eb nd\u00ebrsa vendi vazhdon t\u00eb mbetet n\u00ebn mbetjet korruptive q\u00eb kan\u00eb gjetur streh\u00eb n\u00eb qeveri.<\/em><\/p>\n<p><em>Kjo \u00ebsht\u00eb nj\u00eb afer\u00eb q\u00eb duhet t\u00eb ndaj\u00eb nj\u00eb her\u00eb e mir\u00eb shapin nga sheqeri. Nj\u00eb afer\u00eb q\u00eb duhet t\u00eb tregoj\u00eb n\u00ebse SPAK ka integritetin e duhur dhe \u00ebsht\u00eb n\u00eb lart\u00ebsin\u00eb p\u00ebr t\u00eb cil\u00ebn u votua dhe nga PD p\u00ebr t\u2019u krijuar. <\/em><em>Shqiptar\u00ebt kan\u00eb vuajtur k\u00ebto 30 vite p\u00ebr barazin\u00eb p\u00ebrpara ligjit. Koha \u00ebsht\u00eb q\u00eb SPAK t\u00eb nd\u00ebshkoj\u00eb ata q\u00eb pretendojn\u00eb se jan\u00eb t\u00eb papreksh\u00ebm.<\/em><\/p>\n<p><em>Koha q\u00eb pand\u00ebshkueshm\u00ebria t\u00eb marr\u00eb fund dhe SPAK t\u00eb gjej\u00eb guximin p\u00ebr t\u00eb d\u00ebrguar p\u00ebrpara tog\u00ebs s\u00eb gjyqtarit k\u00ebdo q\u00eb shkel me arroganc\u00eb dhe q\u00eb mendon se mund t\u00eb blej\u00eb \u00e7dok\u00ebnd n\u00eb k\u00ebt\u00eb vend. <\/em><em>Shqip\u00ebria ka etje p\u00ebr drejt\u00ebsi dhe nevoj\u00eb p\u00ebr nj\u00eb shkundje. Padrejt\u00ebsia nuk mund t\u00eb jet\u00eb norma pasi vendi jon\u00eb tanim\u00eb \u00ebsht\u00eb zyrtarisht n\u00eb negociata me BE-n\u00eb. <\/em><em>Drejt\u00ebsi p\u00ebr afer\u00ebn e incenerator\u00ebve! Koha q\u00eb SPAK t\u00eb veproj\u00eb! Koha q\u00eb qeveria t\u00eb pezulloj\u00eb kontratat dhe pagesat e taksave t\u00eb shqiptar\u00ebve p\u00ebr vjedhjen e shekullit!<\/em><\/p>\n<p><em>#inceneratoret #komisionihetimor #partiademoraktike #joridatabaku #koncesionet #PPP #buxhetishtetit #qeveria #edirama #korrupsion #vjedhjashekullit #450mlneuro #shqiperia #pandemia #bashkimieuropian #integrimi #SPAK #shba #BE<\/em><\/p>\n","protected":false},"excerpt":{"rendered":"<p>Deputetja e PD, Jorida Tabaku k\u00ebrkon drejt\u00ebsi p\u00ebr afer\u00ebn e incenerator\u00ebve.\u00a0 N\u00eb nj\u00eb postim n\u00eb rrjetet sociale, Tabaku thekson se kjo \u201c\u00ebsht\u00eb nj\u00eb afer\u00eb q\u00eb duhet t\u00eb tregoj\u00eb n\u00ebse SPAK ka integritetin e duhur dhe \u00ebsht\u00eb n\u00eb lart\u00ebsin\u00eb p\u00ebr t\u00eb cil\u00ebn u votua dhe nga PD p\u00ebr t\u2019u krijuar\u201d. \u201cKoha q\u00eb pand\u00ebshkueshm\u00ebria t\u00eb marr\u00eb fund [&hellip;]<\/p>\n","protected":false},"author":2020,"featured_media":146248,"comment_status":"closed","ping_status":"closed","sticky":false,"template":"","format":"standard","meta":{"footnotes":""},"categories":[241,5380,231],"tags":[],"class_list":{"0":"post-273588","1":"post","2":"type-post","3":"status-publish","4":"format-standard","5":"has-post-thumbnail","7":"category-aktualitet","8":"category-kryesore","9":"category-lajme"},"_links":{"self":[{"href":"https:\/\/zjarr.tv\/sq\/wp-json\/wp\/v2\/posts\/273588","targetHints":{"allow":["GET"]}}],"collection":[{"href":"https:\/\/zjarr.tv\/sq\/wp-json\/wp\/v2\/posts"}],"about":[{"href":"https:\/\/zjarr.tv\/sq\/wp-json\/wp\/v2\/types\/post"}],"author":[{"embeddable":true,"href":"https:\/\/zjarr.tv\/sq\/wp-json\/wp\/v2\/users\/2020"}],"replies":[{"embeddable":true,"href":"https:\/\/zjarr.tv\/sq\/wp-json\/wp\/v2\/comments?post=273588"}],"version-history":[{"count":0,"href":"https:\/\/zjarr.tv\/sq\/wp-json\/wp\/v2\/posts\/273588\/revisions"}],"wp:featuredmedia":[{"embeddable":true,"href":"https:\/\/zjarr.tv\/sq\/wp-json\/wp\/v2\/media\/146248"}],"wp:attachment":[{"href":"https:\/\/zjarr.tv\/sq\/wp-json\/wp\/v2\/media?parent=273588"}],"wp:term":[{"taxonomy":"category","embeddable":true,"href":"https:\/\/zjarr.tv\/sq\/wp-json\/wp\/v2\/categories?post=273588"},{"taxonomy":"post_tag","embeddable":true,"href":"https:\/\/zjarr.tv\/sq\/wp-json\/wp\/v2\/tags?post=273588"}],"curies":[{"name":"wp","href":"https:\/\/api.w.org\/{rel}","templated":true}]}}