{"id":273639,"date":"2022-07-25T13:31:58","date_gmt":"2022-07-25T11:31:58","guid":{"rendered":"https:\/\/zjarr.tv\/?p=273639"},"modified":"2022-07-25T13:34:22","modified_gmt":"2022-07-25T11:34:22","slug":"me-vjen-keq-qe-ju-zhgenjeva-blendi-gonxhe-flet-pas-deklarimeve-ne-spak-dhashe-sqarime-per-nje-ceshtje-qe","status":"publish","type":"post","link":"https:\/\/zjarr.tv\/sq\/me-vjen-keq-qe-ju-zhgenjeva-blendi-gonxhe-flet-pas-deklarimeve-ne-spak-dhashe-sqarime-per-nje-ceshtje-qe\/","title":{"rendered":"\u201cM\u00eb vjen keq q\u00eb ju zhg\u00ebnjeva\u201d- Blendi Gonxhe flet pas deklarimeve n\u00eb SPAK: Dhash\u00eb sqarime p\u00ebr nj\u00eb \u00e7\u00ebshtje q\u00eb\u2026"},"content":{"rendered":"<p>Kreu i Drejtoris\u00eb s\u00eb P\u00ebrgjithshme t\u00eb Transportit Rrugor, Blendi Gonxhe ka q\u00ebndruar p\u00ebrreth 1 or\u00eb n\u00eb ambientet e Gjykat\u00ebs s\u00eb Posa\u00e7me Antikorrupsion (SPAK). Pasi u thirr n\u00eb SPAK p\u00ebr t\u2019u marr\u00eb n\u00eb pyetje, kreu i DPSHTRR, Blendi Gonxhja sqaroi se ishte thirrur p\u00ebr nj\u00eb verifikim p\u00ebr nj\u00eb \u00e7\u00ebshtje t\u00eb tret\u00eb, e cila nuk ka lidhje me funksionin e tij aktual n\u00eb DPSHTRR.<\/p>\n<p>\u201cRespekt t\u00eb gjith\u00ebve ju se \u00ebsht\u00eb 41 grad\u00eb. Nuk m\u00eb pyeti njeri dhe s\u2019keni pse vraponi. S\u2019ka lidhje DPSHTRR me arsyen pse isha, p\u00ebr nj\u00eb \u00e7\u00ebshtje t\u00eb tret\u00eb se u pyeta p\u00ebr sqarim. \u00cbsht\u00eb \u00e7\u00ebshtje q\u00eb nuk ka lidhje fare me Ministrin\u00eb q\u00eb varem, as me rrug\u00ebt as me DP\u00cbSHTRR. As nuk erdha nga dera e pasme, thjesht ju pash\u00eb q\u00eb vrapuat ndaj p\u00ebr respekt. Megjithat\u00eb un\u00eb p\u00ebrfaq\u00ebsoj nj\u00eb figur\u00eb publike, nuk mund t\u00eb jap detaje,. U pyeta p\u00ebr verifikim t\u00eb nj\u00eb situat\u00eb t\u00eb caktuar,. Nuk ka lidhje me asnj\u00eb tender, asnj\u00eb lloj gj\u00ebje dhe me asnj\u00eb institucion\u201d, tha Gonxhe.<\/p>\n","protected":false},"excerpt":{"rendered":"<p>Kreu i Drejtoris\u00eb s\u00eb P\u00ebrgjithshme t\u00eb Transportit Rrugor, Blendi Gonxhe ka q\u00ebndruar p\u00ebrreth 1 or\u00eb n\u00eb ambientet e Gjykat\u00ebs s\u00eb Posa\u00e7me Antikorrupsion (SPAK). Pasi u thirr n\u00eb SPAK p\u00ebr t\u2019u marr\u00eb n\u00eb pyetje, kreu i DPSHTRR, Blendi Gonxhja sqaroi se ishte thirrur p\u00ebr nj\u00eb verifikim p\u00ebr nj\u00eb \u00e7\u00ebshtje t\u00eb tret\u00eb, e cila nuk ka lidhje [&hellip;]<\/p>\n","protected":false},"author":2037,"featured_media":273642,"comment_status":"closed","ping_status":"closed","sticky":false,"template":"","format":"standard","meta":{"footnotes":""},"categories":[241,231],"tags":[],"class_list":{"0":"post-273639","1":"post","2":"type-post","3":"status-publish","4":"format-standard","5":"has-post-thumbnail","7":"category-aktualitet","8":"category-lajme"},"_links":{"self":[{"href":"https:\/\/zjarr.tv\/sq\/wp-json\/wp\/v2\/posts\/273639","targetHints":{"allow":["GET"]}}],"collection":[{"href":"https:\/\/zjarr.tv\/sq\/wp-json\/wp\/v2\/posts"}],"about":[{"href":"https:\/\/zjarr.tv\/sq\/wp-json\/wp\/v2\/types\/post"}],"author":[{"embeddable":true,"href":"https:\/\/zjarr.tv\/sq\/wp-json\/wp\/v2\/users\/2037"}],"replies":[{"embeddable":true,"href":"https:\/\/zjarr.tv\/sq\/wp-json\/wp\/v2\/comments?post=273639"}],"version-history":[{"count":0,"href":"https:\/\/zjarr.tv\/sq\/wp-json\/wp\/v2\/posts\/273639\/revisions"}],"wp:featuredmedia":[{"embeddable":true,"href":"https:\/\/zjarr.tv\/sq\/wp-json\/wp\/v2\/media\/273642"}],"wp:attachment":[{"href":"https:\/\/zjarr.tv\/sq\/wp-json\/wp\/v2\/media?parent=273639"}],"wp:term":[{"taxonomy":"category","embeddable":true,"href":"https:\/\/zjarr.tv\/sq\/wp-json\/wp\/v2\/categories?post=273639"},{"taxonomy":"post_tag","embeddable":true,"href":"https:\/\/zjarr.tv\/sq\/wp-json\/wp\/v2\/tags?post=273639"}],"curies":[{"name":"wp","href":"https:\/\/api.w.org\/{rel}","templated":true}]}}