{"id":273674,"date":"2022-07-25T14:15:15","date_gmt":"2022-07-25T12:15:15","guid":{"rendered":"https:\/\/zjarr.tv\/?p=273674"},"modified":"2022-07-25T14:15:15","modified_gmt":"2022-07-25T12:15:15","slug":"misioni-i-2-marsit-sapo-ka-rifilluar-ilir-meta-nje-beselidhje-kuqezi-per-triumfin-e-sovranitetit-dhe-referendumit","status":"publish","type":"post","link":"https:\/\/zjarr.tv\/sq\/misioni-i-2-marsit-sapo-ka-rifilluar-ilir-meta-nje-beselidhje-kuqezi-per-triumfin-e-sovranitetit-dhe-referendumit\/","title":{"rendered":"\u201cMisioni i 2 Marsit sapo ka rifilluar\u201d- Ilir Meta: Nj\u00eb bes\u00eblidhje kuqezi p\u00ebr triumfin e sovranitetit dhe referendumit"},"content":{"rendered":"<p>Ilir Meta thot\u00eb se sapo ka rifilluar misioni i 2 marsit, t\u00eb cilin ai e organizoi kur ishte n\u00eb postin e presidentit.<\/p>\n<p>N\u00eb nj\u00eb postim n\u00eb rrjetet sociale, Meta thot\u00eb se koha \u00ebsht\u00eb tani dhe me vizion, ide dhe energji t\u00eb reja, \u201cs\u00eb bashku p\u00ebr nj\u00eb mision: Fitoren e Sovranitetit dhe Referendumit\u201d.<\/p>\n<p>Postimi i Ilir Meta<\/p>\n<p>NJ\u00cb BES\u00cbLIDHJE KUQEZI P\u00cbR TRIUMFIN E SOVRANITETIT DHE REFERENDUMIT! \ud83c\udde6\ud83c\uddf1<\/p>\n<p>Misioni i 2 Marsit, nuk ka p\u00ebrfunduar. Sapo ka rifilluar.<\/p>\n<p>Me vizion, ide dhe energji t\u00eb reja, s\u00eb bashku p\u00ebr nj\u00eb mision: Fitoren e Sovranitetit dhe Referendumit.<\/p>\n<p>KOHA \u00cbSHT\u00cb TANI!<\/p>\n","protected":false},"excerpt":{"rendered":"<p>Ilir Meta thot\u00eb se sapo ka rifilluar misioni i 2 marsit, t\u00eb cilin ai e organizoi kur ishte n\u00eb postin e presidentit. N\u00eb nj\u00eb postim n\u00eb rrjetet sociale, Meta thot\u00eb se koha \u00ebsht\u00eb tani dhe me vizion, ide dhe energji t\u00eb reja, \u201cs\u00eb bashku p\u00ebr nj\u00eb mision: Fitoren e Sovranitetit dhe Referendumit\u201d. Postimi i Ilir [&hellip;]<\/p>\n","protected":false},"author":2020,"featured_media":273678,"comment_status":"closed","ping_status":"closed","sticky":false,"template":"","format":"standard","meta":{"footnotes":""},"categories":[241,5380,231],"tags":[],"class_list":{"0":"post-273674","1":"post","2":"type-post","3":"status-publish","4":"format-standard","5":"has-post-thumbnail","7":"category-aktualitet","8":"category-kryesore","9":"category-lajme"},"_links":{"self":[{"href":"https:\/\/zjarr.tv\/sq\/wp-json\/wp\/v2\/posts\/273674","targetHints":{"allow":["GET"]}}],"collection":[{"href":"https:\/\/zjarr.tv\/sq\/wp-json\/wp\/v2\/posts"}],"about":[{"href":"https:\/\/zjarr.tv\/sq\/wp-json\/wp\/v2\/types\/post"}],"author":[{"embeddable":true,"href":"https:\/\/zjarr.tv\/sq\/wp-json\/wp\/v2\/users\/2020"}],"replies":[{"embeddable":true,"href":"https:\/\/zjarr.tv\/sq\/wp-json\/wp\/v2\/comments?post=273674"}],"version-history":[{"count":0,"href":"https:\/\/zjarr.tv\/sq\/wp-json\/wp\/v2\/posts\/273674\/revisions"}],"wp:featuredmedia":[{"embeddable":true,"href":"https:\/\/zjarr.tv\/sq\/wp-json\/wp\/v2\/media\/273678"}],"wp:attachment":[{"href":"https:\/\/zjarr.tv\/sq\/wp-json\/wp\/v2\/media?parent=273674"}],"wp:term":[{"taxonomy":"category","embeddable":true,"href":"https:\/\/zjarr.tv\/sq\/wp-json\/wp\/v2\/categories?post=273674"},{"taxonomy":"post_tag","embeddable":true,"href":"https:\/\/zjarr.tv\/sq\/wp-json\/wp\/v2\/tags?post=273674"}],"curies":[{"name":"wp","href":"https:\/\/api.w.org\/{rel}","templated":true}]}}