{"id":274242,"date":"2022-07-27T14:58:58","date_gmt":"2022-07-27T12:58:58","guid":{"rendered":"https:\/\/zjarr.tv\/?p=274242"},"modified":"2022-07-27T14:58:58","modified_gmt":"2022-07-27T12:58:58","slug":"ju-eshte-qep-monika-nuk-i-ndahet-ketyre-dyve-meta-paralajmeron-hapjen-e-dosjeve-po-fillova-une-me-e-mail-et-nga-nju-jorku","status":"publish","type":"post","link":"https:\/\/zjarr.tv\/sq\/ju-eshte-qep-monika-nuk-i-ndahet-ketyre-dyve-meta-paralajmeron-hapjen-e-dosjeve-po-fillova-une-me-e-mail-et-nga-nju-jorku\/","title":{"rendered":"\u201cJu \u00ebsht\u00eb qep Monika, nuk i ndahet k\u00ebtyre dyve\u201d\/ Meta paralajm\u00ebron hapjen e \u2018dosjeve\u2019: Po fillova un\u00eb me e mail-et nga Nju Jorku\u2026"},"content":{"rendered":"<p>Ish-Presidenti Ilir Meta pas publikimit t\u00eb nj\u00eb dokumenti nga Autoriteti i Dosjeve, ku pretendohet n\u00eb dosje se emri i skeduar nga ish-Sigurimi i Shtetit me inicialet I.M. \u00ebsht\u00eb ai, ka dal\u00eb n\u00eb nj\u00eb konferenc\u00eb me gazetar\u00ebt.<\/p>\n<p>Meta tha se askush nuk e ka penguar Autoritetin q\u00eb t\u00eb hetoj\u00eb edhe n\u00eb koh\u00ebn kur ishte Kreu i Shtetit, nd\u00ebrsa akuzoi se ky \u00ebsht\u00eb nj\u00eb sulm politik i orkestruar nga Edi Rama.<\/p>\n<p>\u201cNuk ka m\u00eb Autoritet Dosjesh. Kush i ka penguar ata t\u00eb verifikojn\u00eb. Dakord ishte president ndoshta, po as at\u00ebher\u00eb nuk i ka ndaluar.<\/p>\n<p>Ata i din\u00eb shum\u00eb mir\u00eb se kush \u00ebsht\u00eb I.M. dhe p\u00ebr k\u00ebt\u00eb loj\u00eb q\u00eb po hapin do ta mbajn\u00eb ata p\u00ebrgjegj\u00ebsin\u00eb. P\u00ebr f\u00ebmij\u00ebt e mi ata s\u2019kan\u00eb asnj\u00eb p\u00ebrgjegj\u00ebsi, po rata kan\u00eb d\u00ebgjuar gj\u00ebra shum\u00eb t\u00eb r\u00ebnda jo vet\u00ebm p\u00ebr babin por edhe p\u00ebr maman\u00eb. Autoriteti i Dosjeve, po p\u00ebrdoret si instrument p\u00ebr dezinformim dhe ushqim propagandistik q\u00eb t\u00eb kaloj\u00eb Edi Rama nja dy muaj, sa t\u00eb kaloj\u00eb ligjin jo po I.M., k\u00ebtu e atje. Nuk ka asnj\u00eb histori me I.M.\u201d, tha Meta.<\/p>\n<p>I pyetur n\u00ebse e di se kush \u00ebsht\u00eb I.M. i v\u00ebrtet\u00eb dhe p\u00ebrse ky dokument \u00ebsht\u00eb b\u00ebr\u00eb publik pas shpalljes s\u00eb Partis\u00eb s\u00eb Liris\u00eb nga ana e tij, Meta tha se Autoriteti duhet t\u00eb dali dhe t\u00eb publikoj\u00eb faktet.<\/p>\n<p>Ai gjithashtu e konsideroi k\u00ebt\u00eb institucion si Autoriteti i 17 Majit duke l\u00ebn\u00eb t\u00eb n\u00ebnkuptuar p\u00ebr nj\u00eb pakt Rama-Basha kund\u00ebr tij dhe ish-kryetares s\u00eb LSI, Monika Kryemadhi, p\u00ebr t\u00eb cil\u00ebn theksoi se e pren\u00eb n\u00eb bes\u00eb.<\/p>\n<p>\u201cPo s\u2019ka nevoj\u00eb p\u00ebr ligj p\u00ebr k\u00ebt\u00eb rast. Autoriteti t\u2019i publikoj\u00eb q\u00eb sot. Pse mos ta ndryshoje Parlamenti, t\u00eb merret me \u00e7\u00ebshtjen e detit me t\u00eb gjitha shkeljet q\u00eb ka b\u00ebr\u00eb Edi Rama. T\u00eb filloj un\u00eb me e-mail-et nga Nju Jorku thoni ju q\u00eb un\u00eb i kam me emrat. Autoriteti t\u00eb dali q\u00eb sot t\u00eb thot\u00eb e kemi k\u00ebto fakte dhe s\u2019ka nevoj\u00eb fare t\u00eb dali Parlamenti. U \u00ebsht\u00eb qep Monika nuk ju ndahet m\u00eb, se u b\u00ebn\u00eb t\u00eb dy bashk\u00eb ata, e pren\u00eb n\u00eb bes\u00eb. Se k\u00ebt\u00eb Autoritetin e 17 Majit t\u00eb dy e b\u00ebn\u00eb. Dhe kujtojn\u00eb k\u00ebta se me deklarata t\u00eb tilla po frik\u00ebsojn\u00eb Ilir Rexhep Metajn q\u00eb t\u00eb t\u00ebrhiqet nga Revolucioni Antikorrupsion. Asnj\u00eb komunikim nuk kam pasur un\u00eb me Autoritetin e Dosjeve. Se p\u00ebrderisa del ajo pula e kuvendit k\u00ebtu, e u thot\u00eb shqiptar\u00ebve ne do zbulojm\u00eb I.M.. Turp i madh. Faqja e zez\u00eb. Po a kan\u00eb dinjitet k\u00ebta njer\u00ebz apo s\u2019kan\u00eb\u201d, deklaroi Meta.<\/p>\n","protected":false},"excerpt":{"rendered":"<p>Ish-Presidenti Ilir Meta pas publikimit t\u00eb nj\u00eb dokumenti nga Autoriteti i Dosjeve, ku pretendohet n\u00eb dosje se emri i skeduar nga ish-Sigurimi i Shtetit me inicialet I.M. \u00ebsht\u00eb ai, ka dal\u00eb n\u00eb nj\u00eb konferenc\u00eb me gazetar\u00ebt. Meta tha se askush nuk e ka penguar Autoritetin q\u00eb t\u00eb hetoj\u00eb edhe n\u00eb koh\u00ebn kur ishte Kreu i [&hellip;]<\/p>\n","protected":false},"author":2030,"featured_media":274243,"comment_status":"closed","ping_status":"closed","sticky":false,"template":"","format":"standard","meta":{"footnotes":""},"categories":[241,3366,5380,231,1454],"tags":[],"class_list":{"0":"post-274242","1":"post","2":"type-post","3":"status-publish","4":"format-standard","5":"has-post-thumbnail","7":"category-aktualitet","8":"category-koment","9":"category-kryesore","10":"category-lajme","11":"category-politike"},"_links":{"self":[{"href":"https:\/\/zjarr.tv\/sq\/wp-json\/wp\/v2\/posts\/274242","targetHints":{"allow":["GET"]}}],"collection":[{"href":"https:\/\/zjarr.tv\/sq\/wp-json\/wp\/v2\/posts"}],"about":[{"href":"https:\/\/zjarr.tv\/sq\/wp-json\/wp\/v2\/types\/post"}],"author":[{"embeddable":true,"href":"https:\/\/zjarr.tv\/sq\/wp-json\/wp\/v2\/users\/2030"}],"replies":[{"embeddable":true,"href":"https:\/\/zjarr.tv\/sq\/wp-json\/wp\/v2\/comments?post=274242"}],"version-history":[{"count":0,"href":"https:\/\/zjarr.tv\/sq\/wp-json\/wp\/v2\/posts\/274242\/revisions"}],"wp:featuredmedia":[{"embeddable":true,"href":"https:\/\/zjarr.tv\/sq\/wp-json\/wp\/v2\/media\/274243"}],"wp:attachment":[{"href":"https:\/\/zjarr.tv\/sq\/wp-json\/wp\/v2\/media?parent=274242"}],"wp:term":[{"taxonomy":"category","embeddable":true,"href":"https:\/\/zjarr.tv\/sq\/wp-json\/wp\/v2\/categories?post=274242"},{"taxonomy":"post_tag","embeddable":true,"href":"https:\/\/zjarr.tv\/sq\/wp-json\/wp\/v2\/tags?post=274242"}],"curies":[{"name":"wp","href":"https:\/\/api.w.org\/{rel}","templated":true}]}}