{"id":274551,"date":"2022-07-28T20:18:45","date_gmt":"2022-07-28T18:18:45","guid":{"rendered":"https:\/\/zjarr.tv\/?p=274551"},"modified":"2022-07-28T20:18:45","modified_gmt":"2022-07-28T18:18:45","slug":"meta-thirrje-te-rinjve-ti-bashkohen-partia-e-lirise-eshte-nje-mundesi-e-shkelqyer","status":"publish","type":"post","link":"https:\/\/zjarr.tv\/sq\/meta-thirrje-te-rinjve-ti-bashkohen-partia-e-lirise-eshte-nje-mundesi-e-shkelqyer\/","title":{"rendered":"Meta thirrje t\u00eb rinjve t\u2019i bashkohen: Partia e Liris\u00eb \u00ebsht\u00eb nj\u00eb mund\u00ebsi e shk\u00eblqyer"},"content":{"rendered":"<p>Politikani Ilir Meta u b\u00ebn thirrje t\u00eb rinjve q\u00eb t\u2019i bashkohen Partis\u00eb s\u00eb Liris\u00eb, nism\u00ebs politike q\u00eb ai ka nd\u00ebrmarr\u00eb. Dit\u00eb m\u00eb par\u00eb LSI ndryshoi emrin dhe n\u00eb vazhdim ajo do t\u00eb quhet Partia e Liris\u00eb. <\/p>\n<p>\u201cPartia e Liris\u00eb \u00ebsht\u00eb nj\u00eb mund\u00ebsi e shk\u00eblqyer p\u00ebr \u00e7do t\u00eb ri shqiptar q\u00eb ka ide, vizion, energji, q\u00eb mezi pret t\u00eb ndryshoj\u00eb t\u00eb ardhmen e tij dhe t\u00eb Shqip\u00ebris\u00eb. Merrni n\u00eb dor\u00eb fatet tuaja! T\u00eb b\u00ebhemi bashk\u00eb n\u00eb nj\u00eb aleanc\u00eb mbar\u00ebkomb\u00ebtare p\u00ebr t\u00eb rikthyer shpres\u00ebn, p\u00ebr t\u00eb sjell\u00eb sa m\u00eb par\u00eb ndryshimin\u201d, thot\u00eb Meta.<\/p>\n","protected":false},"excerpt":{"rendered":"<p>Politikani Ilir Meta u b\u00ebn thirrje t\u00eb rinjve q\u00eb t\u2019i bashkohen Partis\u00eb s\u00eb Liris\u00eb, nism\u00ebs politike q\u00eb ai ka nd\u00ebrmarr\u00eb. Dit\u00eb m\u00eb par\u00eb LSI ndryshoi emrin dhe n\u00eb vazhdim ajo do t\u00eb quhet Partia e Liris\u00eb. \u201cPartia e Liris\u00eb \u00ebsht\u00eb nj\u00eb mund\u00ebsi e shk\u00eblqyer p\u00ebr \u00e7do t\u00eb ri shqiptar q\u00eb ka ide, vizion, energji, q\u00eb [&hellip;]<\/p>\n","protected":false},"author":2031,"featured_media":274427,"comment_status":"closed","ping_status":"closed","sticky":false,"template":"","format":"standard","meta":{"footnotes":""},"categories":[241,231,235],"tags":[],"class_list":{"0":"post-274551","1":"post","2":"type-post","3":"status-publish","4":"format-standard","5":"has-post-thumbnail","7":"category-aktualitet","8":"category-lajme","9":"category-vendi"},"_links":{"self":[{"href":"https:\/\/zjarr.tv\/sq\/wp-json\/wp\/v2\/posts\/274551","targetHints":{"allow":["GET"]}}],"collection":[{"href":"https:\/\/zjarr.tv\/sq\/wp-json\/wp\/v2\/posts"}],"about":[{"href":"https:\/\/zjarr.tv\/sq\/wp-json\/wp\/v2\/types\/post"}],"author":[{"embeddable":true,"href":"https:\/\/zjarr.tv\/sq\/wp-json\/wp\/v2\/users\/2031"}],"replies":[{"embeddable":true,"href":"https:\/\/zjarr.tv\/sq\/wp-json\/wp\/v2\/comments?post=274551"}],"version-history":[{"count":0,"href":"https:\/\/zjarr.tv\/sq\/wp-json\/wp\/v2\/posts\/274551\/revisions"}],"wp:featuredmedia":[{"embeddable":true,"href":"https:\/\/zjarr.tv\/sq\/wp-json\/wp\/v2\/media\/274427"}],"wp:attachment":[{"href":"https:\/\/zjarr.tv\/sq\/wp-json\/wp\/v2\/media?parent=274551"}],"wp:term":[{"taxonomy":"category","embeddable":true,"href":"https:\/\/zjarr.tv\/sq\/wp-json\/wp\/v2\/categories?post=274551"},{"taxonomy":"post_tag","embeddable":true,"href":"https:\/\/zjarr.tv\/sq\/wp-json\/wp\/v2\/tags?post=274551"}],"curies":[{"name":"wp","href":"https:\/\/api.w.org\/{rel}","templated":true}]}}