{"id":274631,"date":"2022-07-29T11:46:32","date_gmt":"2022-07-29T09:46:32","guid":{"rendered":"https:\/\/zjarr.tv\/?p=274631"},"modified":"2022-07-29T11:46:32","modified_gmt":"2022-07-29T09:46:32","slug":"festa-e-rames-ne-shesh-gjokutaj-dasme-urgjente-se-nusja-na-ka-mbetur-me-barre","status":"publish","type":"post","link":"https:\/\/zjarr.tv\/sq\/festa-e-rames-ne-shesh-gjokutaj-dasme-urgjente-se-nusja-na-ka-mbetur-me-barre\/","title":{"rendered":"Festa e Ram\u00ebs n\u00eb shesh, Gjokutaj: Dasm\u00eb urgjente se nusja na ka mbetur me barr\u00eb"},"content":{"rendered":"<p>Avokati Genc Gjokutaj ka ironizuar koncertin n\u00eb sheshin &#8216;Sk\u00ebnderbej&#8217; t\u00eb organizuar nga kryeministri Edi Rama n\u00eb kuad\u00ebr t\u00eb \u00e7eljes s\u00eb negociatave me Bashkimin Europian dhe 100 vjetori i marr\u00ebdh\u00ebnieve Shqip\u00ebri-SHBA.<\/p>\n<p>Gjokutaj e ka cil\u00ebsuar koncertin nj\u00eb dasm\u00eb t\u00eb b\u00ebr\u00eb n\u00eb kushtet e urgjenc\u00ebs. Sipas tij, mazhoranca po e b\u00ebn di\u00e7ka t\u00eb till\u00eb p\u00ebr t\u00eb mbuluar skandalet q\u00eb po i dalin \u00e7do dit\u00eb.<\/p>\n<p>&#8220;Nj\u00eb dasm\u00eb t\u00eb b\u00ebr\u00eb n\u00eb kushtet e urgjenc\u00ebs. Nusja ka b\u00ebr\u00eb EKO-n, ka dal\u00eb shtat\u00ebz\u00ebn\u00eb dhe duhet b\u00ebr\u00eb shpejt dasma se nuk i rri mir\u00eb fustani prandaj.&#8221;-tha Gjokutaj.\/syri.net<\/p>\n","protected":false},"excerpt":{"rendered":"<p>Avokati Genc Gjokutaj ka ironizuar koncertin n\u00eb sheshin &#8216;Sk\u00ebnderbej&#8217; t\u00eb organizuar nga kryeministri Edi Rama n\u00eb kuad\u00ebr t\u00eb \u00e7eljes s\u00eb negociatave me Bashkimin Europian dhe 100 vjetori i marr\u00ebdh\u00ebnieve Shqip\u00ebri-SHBA. Gjokutaj e ka cil\u00ebsuar koncertin nj\u00eb dasm\u00eb t\u00eb b\u00ebr\u00eb n\u00eb kushtet e urgjenc\u00ebs. Sipas tij, mazhoranca po e b\u00ebn di\u00e7ka t\u00eb till\u00eb p\u00ebr t\u00eb mbuluar [&hellip;]<\/p>\n","protected":false},"author":2030,"featured_media":274634,"comment_status":"closed","ping_status":"closed","sticky":false,"template":"","format":"standard","meta":{"footnotes":""},"categories":[241,3366,5380,231,1454],"tags":[],"class_list":{"0":"post-274631","1":"post","2":"type-post","3":"status-publish","4":"format-standard","5":"has-post-thumbnail","7":"category-aktualitet","8":"category-koment","9":"category-kryesore","10":"category-lajme","11":"category-politike"},"_links":{"self":[{"href":"https:\/\/zjarr.tv\/sq\/wp-json\/wp\/v2\/posts\/274631","targetHints":{"allow":["GET"]}}],"collection":[{"href":"https:\/\/zjarr.tv\/sq\/wp-json\/wp\/v2\/posts"}],"about":[{"href":"https:\/\/zjarr.tv\/sq\/wp-json\/wp\/v2\/types\/post"}],"author":[{"embeddable":true,"href":"https:\/\/zjarr.tv\/sq\/wp-json\/wp\/v2\/users\/2030"}],"replies":[{"embeddable":true,"href":"https:\/\/zjarr.tv\/sq\/wp-json\/wp\/v2\/comments?post=274631"}],"version-history":[{"count":0,"href":"https:\/\/zjarr.tv\/sq\/wp-json\/wp\/v2\/posts\/274631\/revisions"}],"wp:featuredmedia":[{"embeddable":true,"href":"https:\/\/zjarr.tv\/sq\/wp-json\/wp\/v2\/media\/274634"}],"wp:attachment":[{"href":"https:\/\/zjarr.tv\/sq\/wp-json\/wp\/v2\/media?parent=274631"}],"wp:term":[{"taxonomy":"category","embeddable":true,"href":"https:\/\/zjarr.tv\/sq\/wp-json\/wp\/v2\/categories?post=274631"},{"taxonomy":"post_tag","embeddable":true,"href":"https:\/\/zjarr.tv\/sq\/wp-json\/wp\/v2\/tags?post=274631"}],"curies":[{"name":"wp","href":"https:\/\/api.w.org\/{rel}","templated":true}]}}