{"id":274648,"date":"2022-07-29T12:08:01","date_gmt":"2022-07-29T10:08:01","guid":{"rendered":"https:\/\/zjarr.tv\/?p=274648"},"modified":"2022-07-29T12:08:01","modified_gmt":"2022-07-29T10:08:01","slug":"evi-kokalari-shperthen-per-garen-per-kreun-e-frpd-keni-filluar-telefonata-me-deputete-e-biznesmene-urdhri-eshte-te-mos-nderhyni","status":"publish","type":"post","link":"https:\/\/zjarr.tv\/sq\/evi-kokalari-shperthen-per-garen-per-kreun-e-frpd-keni-filluar-telefonata-me-deputete-e-biznesmene-urdhri-eshte-te-mos-nderhyni\/","title":{"rendered":"Evi Kokalari \u201cshp\u00ebrthen\u201d p\u00ebr gar\u00ebn p\u00ebr kreun e FRPD: Keni filluar telefonata me deputet\u00eb e biznesmen\u00eb, urdhri \u00ebsht\u00eb t\u00eb mos nd\u00ebrhyni"},"content":{"rendered":"<p>Aktivistja Evi Kokalari shkruan e revoltuar p\u00ebr gar\u00ebn q\u00eb ka nisur tashm\u00eb n\u00eb Partin\u00eb Demokratike p\u00ebr t\u00eb zgjedhur kryetarin e Forumit Rinor. Ajo thot\u00eb se deputet\u00eb e biznesmen\u00eb jan\u00eb v\u00ebn\u00eb n\u00eb l\u00ebvizje p\u00ebr Besart Xhaferajn, duke dekurajuar kandidat\u00ebt e tjer\u00eb. Sipas saj, urdhri \u00ebsht\u00eb q\u00eb asnj\u00eb deputet\u00eb dhe zyrtar\u00eb i PD t\u00eb mos ngat\u00ebrrohet n\u00eb k\u00ebt\u00eb gar\u00eb, p\u00ebr t\u00eb ndikuar p\u00ebr nj\u00ebrin apo tjetrin kandidat. \u201cNese kjo gar\u00eb \u00ebsht\u00eb e paracaktuar, un\u00eb jam e para q\u00eb do t\u2019ju dal kund\u00ebr dhe publikisht\u201d, shkruan ajo nd\u00ebr t\u00eb tjera.<\/p>\n<p>\u201cShum\u00eb kandidat\u00eb t\u00eb mundsh\u00ebm jan\u00eb dekurajuar p\u00ebr t\u2019u futur n\u00eb gar\u00eb, se i \u00ebsht\u00eb th\u00ebn\u00eb s\u2019keni shanse p\u00ebr t\u00eb fituar. Ama Besart Xhaferajn q\u00eb se njeh nj\u00ebri, jo vet\u00ebm se keni dekurajuar por dhe keni filluar ta shtyni me telefonata deputet\u00ebve dhe bisnesmen\u00ebve. M\u00eb shum\u00eb e shtyni k\u00ebt\u00eb nj\u00ebri, m\u00eb shum\u00eb vjen er\u00eb ky muhabet!!Keni urdh\u00ebr t\u00eb mos ngat\u00ebrroheni n\u00eb k\u00ebt\u00eb gar\u00eb, dhe po b\u00ebni t\u00eb kund\u00ebrt\u00ebn. Nese kjo gar\u00eb \u00ebsht\u00eb e paracaktuar, un\u00eb jam e para q\u00eb do t\u2019ju dal kund\u00ebr dhe publikisht. Boll me mentalitetin e vjet\u00ebr se na lodhet\u201d, shkruan Evi Kokalari.<\/p>\n<p>Burimi:Postimi n\u00eb faqen zyrtare n\u00eb Facebook i Evi Kokalarit.<\/p>\n","protected":false},"excerpt":{"rendered":"<p>Aktivistja Evi Kokalari shkruan e revoltuar p\u00ebr gar\u00ebn q\u00eb ka nisur tashm\u00eb n\u00eb Partin\u00eb Demokratike p\u00ebr t\u00eb zgjedhur kryetarin e Forumit Rinor. Ajo thot\u00eb se deputet\u00eb e biznesmen\u00eb jan\u00eb v\u00ebn\u00eb n\u00eb l\u00ebvizje p\u00ebr Besart Xhaferajn, duke dekurajuar kandidat\u00ebt e tjer\u00eb. Sipas saj, urdhri \u00ebsht\u00eb q\u00eb asnj\u00eb deputet\u00eb dhe zyrtar\u00eb i PD t\u00eb mos ngat\u00ebrrohet n\u00eb [&hellip;]<\/p>\n","protected":false},"author":2037,"featured_media":274649,"comment_status":"closed","ping_status":"closed","sticky":false,"template":"","format":"standard","meta":{"footnotes":""},"categories":[241,364,231,1454],"tags":[],"class_list":{"0":"post-274648","1":"post","2":"type-post","3":"status-publish","4":"format-standard","5":"has-post-thumbnail","7":"category-aktualitet","8":"category-koment-opinion","9":"category-lajme","10":"category-politike"},"_links":{"self":[{"href":"https:\/\/zjarr.tv\/sq\/wp-json\/wp\/v2\/posts\/274648","targetHints":{"allow":["GET"]}}],"collection":[{"href":"https:\/\/zjarr.tv\/sq\/wp-json\/wp\/v2\/posts"}],"about":[{"href":"https:\/\/zjarr.tv\/sq\/wp-json\/wp\/v2\/types\/post"}],"author":[{"embeddable":true,"href":"https:\/\/zjarr.tv\/sq\/wp-json\/wp\/v2\/users\/2037"}],"replies":[{"embeddable":true,"href":"https:\/\/zjarr.tv\/sq\/wp-json\/wp\/v2\/comments?post=274648"}],"version-history":[{"count":0,"href":"https:\/\/zjarr.tv\/sq\/wp-json\/wp\/v2\/posts\/274648\/revisions"}],"wp:featuredmedia":[{"embeddable":true,"href":"https:\/\/zjarr.tv\/sq\/wp-json\/wp\/v2\/media\/274649"}],"wp:attachment":[{"href":"https:\/\/zjarr.tv\/sq\/wp-json\/wp\/v2\/media?parent=274648"}],"wp:term":[{"taxonomy":"category","embeddable":true,"href":"https:\/\/zjarr.tv\/sq\/wp-json\/wp\/v2\/categories?post=274648"},{"taxonomy":"post_tag","embeddable":true,"href":"https:\/\/zjarr.tv\/sq\/wp-json\/wp\/v2\/tags?post=274648"}],"curies":[{"name":"wp","href":"https:\/\/api.w.org\/{rel}","templated":true}]}}