{"id":274778,"date":"2022-07-29T17:57:16","date_gmt":"2022-07-29T15:57:16","guid":{"rendered":"https:\/\/zjarr.tv\/?p=274778"},"modified":"2022-07-29T17:57:16","modified_gmt":"2022-07-29T15:57:16","slug":"ambasada-e-shba-uron-45-gjyqtaret-dhe-prokuroret-e-rinj-shqiptaret-presin-nga-ju-te-jeni-te-pavarur-e-kurajoze","status":"publish","type":"post","link":"https:\/\/zjarr.tv\/sq\/ambasada-e-shba-uron-45-gjyqtaret-dhe-prokuroret-e-rinj-shqiptaret-presin-nga-ju-te-jeni-te-pavarur-e-kurajoze\/","title":{"rendered":"Ambasada e SHBA uron 45 gjyqtar\u00ebt dhe prokuror\u00ebt e rinj: Shqiptar\u00ebt presin nga ju t\u00eb jeni t\u00eb pavarur e kurajoz\u00eb"},"content":{"rendered":"<p>Ambasada Amerikane n\u00eb Tiran\u00eb uron 45 magjistrat\u00ebt e rinj q\u00eb i jan\u00eb bashkuar sistemit t\u00eb drejt\u00ebsis\u00eb k\u00ebt\u00eb jav\u00eb dhe k\u00ebrkon prej tyre q\u00eb t\u00eb tregohen t\u00eb pavarur e kurajoz\u00eb, sepse at\u00eb presin shqiptar\u00ebt prej tyre.<\/p>\n<p>Selia diplomatike n\u00eb kryeqytet thot\u00eb se Reforma n\u00eb drejt\u00ebsi po p\u00ebrparon dhe zbatimi i suksessh\u00ebm i saj mbetet ky\u00e7 p\u00ebr t\u00eb \u00e7uar m\u00eb tej integrimin e Shqip\u00ebris\u00eb n\u00eb BE.<\/p>\n<p>\u201cUrime 45 magjistrat\u00ebve e rinj t\u00eb cil\u00ebt ju bashkuan gjykatave dhe prokurorive k\u00ebt\u00eb jav\u00eb. Qytetar\u00ebt shqiptar\u00eb presin q\u00eb ju t\u00eb jeni gjyqtar\u00ebt dhe prokuror\u00ebt me nivelin m\u00eb t\u00eb lart\u00eb t\u00eb integritetit dhe profesionalizmit, duke treguar kurajon p\u00ebr t\u00eb qen\u00eb t\u00eb pavarur dhe t\u00eb paansh\u00ebm n\u00eb \u00e7do hap t\u00eb rrug\u00ebs tuaj.<\/p>\n<p>Ne mb\u00ebshtesim K\u00ebshillat dhe Shkoll\u00ebn e Magjistratur\u00ebs n\u00eb pun\u00ebn e tyre p\u00ebr plot\u00ebsimin n\u00eb koh\u00eb t\u00eb vendeve vakante, n\u00eb m\u00ebnyr\u00eb q\u00eb drejt\u00ebsia t\u00eb vendoset sa m\u00eb shpejt t\u00eb jet\u00eb e mundur. Reforma n\u00eb drejt\u00ebsi po p\u00ebrparon dhe zbatimi i suksessh\u00ebm i saj mbetet ky\u00e7 p\u00ebr t\u00eb \u00e7uar m\u00eb tej integrimin e Shqip\u00ebris\u00eb n\u00eb BE\u201d, thuhet n\u00eb mesazhin e Ambasad\u00ebs Amerikane n\u00eb Tiran\u00eb.<\/p>\n","protected":false},"excerpt":{"rendered":"<p>Ambasada Amerikane n\u00eb Tiran\u00eb uron 45 magjistrat\u00ebt e rinj q\u00eb i jan\u00eb bashkuar sistemit t\u00eb drejt\u00ebsis\u00eb k\u00ebt\u00eb jav\u00eb dhe k\u00ebrkon prej tyre q\u00eb t\u00eb tregohen t\u00eb pavarur e kurajoz\u00eb, sepse at\u00eb presin shqiptar\u00ebt prej tyre. Selia diplomatike n\u00eb kryeqytet thot\u00eb se Reforma n\u00eb drejt\u00ebsi po p\u00ebrparon dhe zbatimi i suksessh\u00ebm i saj mbetet ky\u00e7 p\u00ebr [&hellip;]<\/p>\n","protected":false},"author":2031,"featured_media":274779,"comment_status":"closed","ping_status":"closed","sticky":false,"template":"","format":"standard","meta":{"footnotes":""},"categories":[241,231,235],"tags":[],"class_list":{"0":"post-274778","1":"post","2":"type-post","3":"status-publish","4":"format-standard","5":"has-post-thumbnail","7":"category-aktualitet","8":"category-lajme","9":"category-vendi"},"_links":{"self":[{"href":"https:\/\/zjarr.tv\/sq\/wp-json\/wp\/v2\/posts\/274778","targetHints":{"allow":["GET"]}}],"collection":[{"href":"https:\/\/zjarr.tv\/sq\/wp-json\/wp\/v2\/posts"}],"about":[{"href":"https:\/\/zjarr.tv\/sq\/wp-json\/wp\/v2\/types\/post"}],"author":[{"embeddable":true,"href":"https:\/\/zjarr.tv\/sq\/wp-json\/wp\/v2\/users\/2031"}],"replies":[{"embeddable":true,"href":"https:\/\/zjarr.tv\/sq\/wp-json\/wp\/v2\/comments?post=274778"}],"version-history":[{"count":0,"href":"https:\/\/zjarr.tv\/sq\/wp-json\/wp\/v2\/posts\/274778\/revisions"}],"wp:featuredmedia":[{"embeddable":true,"href":"https:\/\/zjarr.tv\/sq\/wp-json\/wp\/v2\/media\/274779"}],"wp:attachment":[{"href":"https:\/\/zjarr.tv\/sq\/wp-json\/wp\/v2\/media?parent=274778"}],"wp:term":[{"taxonomy":"category","embeddable":true,"href":"https:\/\/zjarr.tv\/sq\/wp-json\/wp\/v2\/categories?post=274778"},{"taxonomy":"post_tag","embeddable":true,"href":"https:\/\/zjarr.tv\/sq\/wp-json\/wp\/v2\/tags?post=274778"}],"curies":[{"name":"wp","href":"https:\/\/api.w.org\/{rel}","templated":true}]}}