{"id":274805,"date":"2022-07-29T23:02:03","date_gmt":"2022-07-29T21:02:03","guid":{"rendered":"https:\/\/zjarr.tv\/?p=274805"},"modified":"2022-07-30T16:40:58","modified_gmt":"2022-07-30T14:40:58","slug":"nje-dasem-e-bardhe-per-njerez-me-zemer-te-bardhe","status":"publish","type":"post","link":"https:\/\/zjarr.tv\/sq\/nje-dasem-e-bardhe-per-njerez-me-zemer-te-bardhe\/","title":{"rendered":"Nj\u00eb das\u00ebm e bardh\u00eb p\u00ebr njer\u00ebz me zem\u00ebr t\u00eb bardh\u00eb!"},"content":{"rendered":"<p>&#8220;Mami dhe babi po b\u00ebjn\u00eb das\u00ebm&#8221; &#8230; Drini dhe Ajri t\u00eb lumtur n\u00eb dasm\u00ebn e prind\u00ebrve.<\/p>\n<p>Regjisori Ismet Drishti ka kuror\u00ebzuar dashurin\u00eb n\u00eb martes\u00eb me bashk\u00ebshorten e tij Eniana Drishti.<\/p>\n<p>N\u00eb fjal\u00ebn e saj p\u00ebrsh\u00ebndet\u00ebse Eniana Drishti plot emocion u shpreh: &#8220;P\u00ebr 35 vjetorin tim&#8230;m\u00eb veshi fustanin e bardh\u00eb dhe b\u00ebm\u00eb fest\u00ebn q\u00eb nuk e kishim b\u00ebr\u00eb&#8230;Kjo dit\u00eb \u00ebsht\u00eb m\u00eb e bukur se \u00ebndrra m\u00eb e bukur q\u00eb mund t\u00eb kem par\u00eb&#8221;<\/p>\n<p>Nj\u00eb das\u00ebm e bardh\u00eb p\u00ebr njer\u00ebz me zem\u00ebr t\u00eb bardh\u00eb&#8230;pa luks t\u00eb tepruar dhe pa ekzagj\u00ebrime.<\/p>\n<p>Nj\u00eb das\u00ebm qytetare Shkodrane ku mbizot\u00ebronte qytetaria n\u00eb \u00e7do detaj, q\u00eb nga t\u00eb ftuarit, dekori e deri te z\u00ebri I mrekulluesh\u00ebm I Laorjan Ejllit, Orjeta Kel\u00ebs dhe Savjana Vjerdh\u00ebs me orkestr\u00ebn e drejtuar nga mjeshtri Ilir Zogaj.<\/p>\n<p>Ishte nj\u00eb fest\u00eb plot surpriza ku nd\u00ebr t\u00eb ftuarit shikoje emra t\u00eb njohur te artit dhe politik\u00ebs.<\/p>\n<p>Dhe qershia mbi tort\u00eb k\u00ebnga q\u00eb Ismet Drishti kishte kompozuar p\u00ebr Enian\u00ebn me tekstin e m\u00ebposht\u00ebm:<\/p>\n<p>Titulli: Ja vlen me prit&#8217;<\/p>\n<p>Dit\u00ebt kalojn\u00eb<\/p>\n<p>E bukur vjen \u00e7do dit\u00eb e re moj shpirt<\/p>\n<p>Dita p\u00ebr ne<\/p>\n<p>\u00cbsht\u00eb dit\u00eb e bukur sa her\u00eb \u00e7elim syt\u00eb<\/p>\n<p>Nadja e mir\u00eb<\/p>\n<p>Mirmjes e g\u00ebzuar filloi dit\u00eb e re<\/p>\n<p>Nuk mbyllim syt\u00eb<\/p>\n<p>Pa e uruar njeri-tjetrin ne<\/p>\n<p>Ref<\/p>\n<p>A ke mendu se nji dit\u00eb, kjo dit\u00eb ka me ardh\u00eb<\/p>\n<p>Mes lulesh, nuse lulesh me fustan t\u00eb bardh\u00eb<\/p>\n<p>A ke mendu, a ke mendu o shpirt<\/p>\n<p>Se ja vlen me prit\u00e8 &#8211; me ardh\u00eb kjo dit\u00eb<\/p>\n<p>A ke mendu o shpirt se kjo dit\u00eb ka me ardh\u00eb<\/p>\n<p>Mes njerz\u00ebve t&#8217;zemres nuse me fustan t\u00eb bardh\u00eb<\/p>\n<p>A ke mendu, a ke mendu o shpirt.<\/p>\n<p>Se ja vlen me prit\u00e8.<\/p>\n<p>St 2<\/p>\n<p>Shiko f\u00ebmij\u00ebt<\/p>\n<p>Yjet ma t&#8217;shndritshem t\u00eb galaksis\u00eb ton\u00eb<\/p>\n<p>Ju qeshin syt\u00eb<\/p>\n<p>Na mbushin shpirtin, jet\u00ebn na e shtojne<\/p>\n<p>Nadja e mir\u00eb<\/p>\n<p>Mirmjes e g\u00ebzuar filloi dit\u00eb e re<\/p>\n<p>As ata s&#8217;flene<\/p>\n<p>Pa e uruar njeri-tjetrin ne&#8230;<\/p>\n<p>Ref.<\/p>\n<p>A ke mendu se nji dit\u00eb, kjo dit\u00eb ka me ardh\u00eb<\/p>\n<p>Mes lulesh, nuse lulesh me fustan t\u00eb bardh\u00eb<\/p>\n<p>A ke mendu, a ke mendu o shpirt<\/p>\n<p>Se ja vlen me prit\u00e8 &#8211; me ardh\u00eb kjo dit\u00eb<\/p>\n<p>A ke mendu o shpirt se kjo dit\u00eb ka me ardh\u00eb<\/p>\n<p>Mes njerzve t&#8217;zemres nuse me fustan t\u00eb bardh\u00eb<\/p>\n<p>A ke mendu, a ke mendu o shpirt<\/p>\n<p>Se ja vlen me prit\u00eb.<\/p>\n<p>Ju falemnderes<\/p>\n<p>T\u00eb gjith\u00ebve q\u00eb sot jeni mbledhur k\u00ebtu<\/p>\n<p>G\u00ebzimi yn\u00eb<\/p>\n<p>S&#8217;do ish i till\u00eb po t\u00eb mos ishit Ju<\/p>\n<p>Me shpirt uroj<\/p>\n<p>Gjith\u00eb lumturin\u00eb e bot\u00ebs kok\u00eb p\u00ebr kok\u00eb<\/p>\n<p>Asgja nuk vlen<\/p>\n<p>Kur s&#8217;ndahet me miq, dashamir e shok\u00eb<\/p>\n<p>Ref3<\/p>\n<p>Sot jam I lumtur dit\u00ebn m&#8217;keni zbukuru<\/p>\n<p>Kte lumturi q\u00eb kam uroj edhe p\u00ebr ju<\/p>\n<p>Ve\u00e7 mbani mend kur gjen nj\u00eb xhevahir<\/p>\n<p>Shtrengoje fort e ruaje shum\u00eb mir\u00eb<\/p>\n<p>A ke mendu o shpirt Se kjo dit\u00eb ka me ardh\u00eb<\/p>\n<p>Mes njerzve t&#8217;zemres nuse me fustan t\u00eb bardh\u00eb<\/p>\n<p>A ke mendu, a ke mendu o shpirt<\/p>\n<p>Se ja vlen me prit\u00eb<\/p>\n<p><a href=\"https:\/\/m.facebook.com\/story.php?story_fbid=pfbid02H8vD6gnT9qn34DRTVYHCjiM5pAXCN7zfEdvV1zrrYTC1EUAhqH7afbHqcmxykMmVl&amp;id=1628269247\" target=\"_blank\" rel=\"noopener\">Nj\u00eb fragment i shkurt\u00ebr si\u00e7 u k\u00ebndua live<\/a><\/p>\n<p><img loading=\"lazy\" decoding=\"async\" class=\"alignnone size-medium wp-image-274820\" src=\"https:\/\/zjarr.tv\/wp-content\/uploads\/2022\/07\/FB_IMG_1659121919874-298x300.jpg\" alt=\"\" width=\"298\" height=\"300\" srcset=\"https:\/\/zjarr.tv\/wp-content\/uploads\/2022\/07\/FB_IMG_1659121919874-298x300.jpg 298w, https:\/\/zjarr.tv\/wp-content\/uploads\/2022\/07\/FB_IMG_1659121919874-1016x1024.jpg 1016w, https:\/\/zjarr.tv\/wp-content\/uploads\/2022\/07\/FB_IMG_1659121919874-150x150.jpg 150w, https:\/\/zjarr.tv\/wp-content\/uploads\/2022\/07\/FB_IMG_1659121919874-768x774.jpg 768w, https:\/\/zjarr.tv\/wp-content\/uploads\/2022\/07\/FB_IMG_1659121919874-696x701.jpg 696w, https:\/\/zjarr.tv\/wp-content\/uploads\/2022\/07\/FB_IMG_1659121919874-1068x1076.jpg 1068w, https:\/\/zjarr.tv\/wp-content\/uploads\/2022\/07\/FB_IMG_1659121919874-417x420.jpg 417w, https:\/\/zjarr.tv\/wp-content\/uploads\/2022\/07\/FB_IMG_1659121919874.jpg 1080w\" sizes=\"auto, (max-width: 298px) 100vw, 298px\" \/><\/p>\n<p><img loading=\"lazy\" decoding=\"async\" class=\"alignnone size-medium wp-image-274806\" src=\"https:\/\/zjarr.tv\/wp-content\/uploads\/2022\/07\/IMG-20220729-WA0040-200x300.jpg\" alt=\"\" width=\"200\" height=\"300\" srcset=\"https:\/\/zjarr.tv\/wp-content\/uploads\/2022\/07\/IMG-20220729-WA0040-200x300.jpg 200w, https:\/\/zjarr.tv\/wp-content\/uploads\/2022\/07\/IMG-20220729-WA0040-683x1024.jpg 683w, https:\/\/zjarr.tv\/wp-content\/uploads\/2022\/07\/IMG-20220729-WA0040-768x1151.jpg 768w, https:\/\/zjarr.tv\/wp-content\/uploads\/2022\/07\/IMG-20220729-WA0040-1025x1536.jpg 1025w, https:\/\/zjarr.tv\/wp-content\/uploads\/2022\/07\/IMG-20220729-WA0040-696x1043.jpg 696w, https:\/\/zjarr.tv\/wp-content\/uploads\/2022\/07\/IMG-20220729-WA0040-1068x1601.jpg 1068w, https:\/\/zjarr.tv\/wp-content\/uploads\/2022\/07\/IMG-20220729-WA0040-280x420.jpg 280w, https:\/\/zjarr.tv\/wp-content\/uploads\/2022\/07\/IMG-20220729-WA0040.jpg 1366w\" sizes=\"auto, (max-width: 200px) 100vw, 200px\" \/><\/p>\n<p><img loading=\"lazy\" decoding=\"async\" class=\"alignnone size-medium wp-image-274834\" src=\"https:\/\/zjarr.tv\/wp-content\/uploads\/2022\/07\/IMG-20220729-WA0053-300x200.jpg\" alt=\"\" width=\"300\" height=\"200\" srcset=\"https:\/\/zjarr.tv\/wp-content\/uploads\/2022\/07\/IMG-20220729-WA0053-300x200.jpg 300w, https:\/\/zjarr.tv\/wp-content\/uploads\/2022\/07\/IMG-20220729-WA0053-1024x683.jpg 1024w, https:\/\/zjarr.tv\/wp-content\/uploads\/2022\/07\/IMG-20220729-WA0053-768x512.jpg 768w, https:\/\/zjarr.tv\/wp-content\/uploads\/2022\/07\/IMG-20220729-WA0053-696x464.jpg 696w, https:\/\/zjarr.tv\/wp-content\/uploads\/2022\/07\/IMG-20220729-WA0053-1068x712.jpg 1068w, https:\/\/zjarr.tv\/wp-content\/uploads\/2022\/07\/IMG-20220729-WA0053-630x420.jpg 630w, https:\/\/zjarr.tv\/wp-content\/uploads\/2022\/07\/IMG-20220729-WA0053.jpg 1488w\" sizes=\"auto, (max-width: 300px) 100vw, 300px\" \/> <img loading=\"lazy\" decoding=\"async\" class=\"alignnone size-medium wp-image-274835\" src=\"https:\/\/zjarr.tv\/wp-content\/uploads\/2022\/07\/IMG-20220729-WA0052-300x200.jpg\" alt=\"\" width=\"300\" height=\"200\" srcset=\"https:\/\/zjarr.tv\/wp-content\/uploads\/2022\/07\/IMG-20220729-WA0052-300x200.jpg 300w, https:\/\/zjarr.tv\/wp-content\/uploads\/2022\/07\/IMG-20220729-WA0052-1024x683.jpg 1024w, https:\/\/zjarr.tv\/wp-content\/uploads\/2022\/07\/IMG-20220729-WA0052-768x512.jpg 768w, https:\/\/zjarr.tv\/wp-content\/uploads\/2022\/07\/IMG-20220729-WA0052-696x464.jpg 696w, https:\/\/zjarr.tv\/wp-content\/uploads\/2022\/07\/IMG-20220729-WA0052-1068x712.jpg 1068w, https:\/\/zjarr.tv\/wp-content\/uploads\/2022\/07\/IMG-20220729-WA0052-630x420.jpg 630w, https:\/\/zjarr.tv\/wp-content\/uploads\/2022\/07\/IMG-20220729-WA0052.jpg 1488w\" sizes=\"auto, (max-width: 300px) 100vw, 300px\" \/><\/p>\n<p><img loading=\"lazy\" decoding=\"async\" class=\"alignnone size-medium wp-image-274807\" src=\"https:\/\/zjarr.tv\/wp-content\/uploads\/2022\/07\/IMG-20220729-WA0039-300x173.jpg\" alt=\"\" width=\"300\" height=\"173\" srcset=\"https:\/\/zjarr.tv\/wp-content\/uploads\/2022\/07\/IMG-20220729-WA0039-300x173.jpg 300w, https:\/\/zjarr.tv\/wp-content\/uploads\/2022\/07\/IMG-20220729-WA0039-768x444.jpg 768w, https:\/\/zjarr.tv\/wp-content\/uploads\/2022\/07\/IMG-20220729-WA0039-696x402.jpg 696w, https:\/\/zjarr.tv\/wp-content\/uploads\/2022\/07\/IMG-20220729-WA0039-727x420.jpg 727w, https:\/\/zjarr.tv\/wp-content\/uploads\/2022\/07\/IMG-20220729-WA0039.jpg 848w\" sizes=\"auto, (max-width: 300px) 100vw, 300px\" \/><\/p>\n<p><img loading=\"lazy\" decoding=\"async\" class=\"alignnone size-medium wp-image-274808\" src=\"https:\/\/zjarr.tv\/wp-content\/uploads\/2022\/07\/IMG-20220729-WA0038-300x200.jpg\" alt=\"\" width=\"300\" height=\"200\" srcset=\"https:\/\/zjarr.tv\/wp-content\/uploads\/2022\/07\/IMG-20220729-WA0038-300x200.jpg 300w, https:\/\/zjarr.tv\/wp-content\/uploads\/2022\/07\/IMG-20220729-WA0038-1024x683.jpg 1024w, https:\/\/zjarr.tv\/wp-content\/uploads\/2022\/07\/IMG-20220729-WA0038-768x512.jpg 768w, https:\/\/zjarr.tv\/wp-content\/uploads\/2022\/07\/IMG-20220729-WA0038-696x464.jpg 696w, https:\/\/zjarr.tv\/wp-content\/uploads\/2022\/07\/IMG-20220729-WA0038-1068x712.jpg 1068w, https:\/\/zjarr.tv\/wp-content\/uploads\/2022\/07\/IMG-20220729-WA0038-630x420.jpg 630w, https:\/\/zjarr.tv\/wp-content\/uploads\/2022\/07\/IMG-20220729-WA0038.jpg 1080w\" sizes=\"auto, (max-width: 300px) 100vw, 300px\" \/><\/p>\n<p>&nbsp;<\/p>\n<p><img loading=\"lazy\" decoding=\"async\" class=\"alignnone size-medium wp-image-274810\" src=\"https:\/\/zjarr.tv\/wp-content\/uploads\/2022\/07\/IMG-20220729-WA0037-1-200x300.jpg\" alt=\"\" width=\"200\" height=\"300\" srcset=\"https:\/\/zjarr.tv\/wp-content\/uploads\/2022\/07\/IMG-20220729-WA0037-1-200x300.jpg 200w, https:\/\/zjarr.tv\/wp-content\/uploads\/2022\/07\/IMG-20220729-WA0037-1-683x1024.jpg 683w, https:\/\/zjarr.tv\/wp-content\/uploads\/2022\/07\/IMG-20220729-WA0037-1-768x1152.jpg 768w, https:\/\/zjarr.tv\/wp-content\/uploads\/2022\/07\/IMG-20220729-WA0037-1-696x1044.jpg 696w, https:\/\/zjarr.tv\/wp-content\/uploads\/2022\/07\/IMG-20220729-WA0037-1-280x420.jpg 280w, https:\/\/zjarr.tv\/wp-content\/uploads\/2022\/07\/IMG-20220729-WA0037-1.jpg 992w\" sizes=\"auto, (max-width: 200px) 100vw, 200px\" \/><\/p>\n<p><img loading=\"lazy\" decoding=\"async\" class=\"alignnone size-medium wp-image-274811\" src=\"https:\/\/zjarr.tv\/wp-content\/uploads\/2022\/07\/IMG-20220729-WA0032-200x300.jpg\" alt=\"\" width=\"200\" height=\"300\" srcset=\"https:\/\/zjarr.tv\/wp-content\/uploads\/2022\/07\/IMG-20220729-WA0032-200x300.jpg 200w, https:\/\/zjarr.tv\/wp-content\/uploads\/2022\/07\/IMG-20220729-WA0032-683x1024.jpg 683w, https:\/\/zjarr.tv\/wp-content\/uploads\/2022\/07\/IMG-20220729-WA0032-768x1152.jpg 768w, https:\/\/zjarr.tv\/wp-content\/uploads\/2022\/07\/IMG-20220729-WA0032-696x1044.jpg 696w, https:\/\/zjarr.tv\/wp-content\/uploads\/2022\/07\/IMG-20220729-WA0032-280x420.jpg 280w, https:\/\/zjarr.tv\/wp-content\/uploads\/2022\/07\/IMG-20220729-WA0032.jpg 992w\" sizes=\"auto, (max-width: 200px) 100vw, 200px\" \/><\/p>\n<p><img loading=\"lazy\" decoding=\"async\" class=\"alignnone size-medium wp-image-274812\" src=\"https:\/\/zjarr.tv\/wp-content\/uploads\/2022\/07\/png_20220729_225434_0000-300x169.png\" alt=\"\" width=\"300\" height=\"169\" srcset=\"https:\/\/zjarr.tv\/wp-content\/uploads\/2022\/07\/png_20220729_225434_0000-300x169.png 300w, https:\/\/zjarr.tv\/wp-content\/uploads\/2022\/07\/png_20220729_225434_0000-1024x576.png 1024w, https:\/\/zjarr.tv\/wp-content\/uploads\/2022\/07\/png_20220729_225434_0000-768x432.png 768w, https:\/\/zjarr.tv\/wp-content\/uploads\/2022\/07\/png_20220729_225434_0000-1536x864.png 1536w, https:\/\/zjarr.tv\/wp-content\/uploads\/2022\/07\/png_20220729_225434_0000-696x392.png 696w, https:\/\/zjarr.tv\/wp-content\/uploads\/2022\/07\/png_20220729_225434_0000-1068x601.png 1068w, https:\/\/zjarr.tv\/wp-content\/uploads\/2022\/07\/png_20220729_225434_0000-747x420.png 747w, https:\/\/zjarr.tv\/wp-content\/uploads\/2022\/07\/png_20220729_225434_0000.png 1920w\" sizes=\"auto, (max-width: 300px) 100vw, 300px\" \/><\/p>\n<p><img loading=\"lazy\" decoding=\"async\" class=\"alignnone size-medium wp-image-274813\" src=\"https:\/\/zjarr.tv\/wp-content\/uploads\/2022\/07\/IMG-20220729-WA0031-200x300.jpg\" alt=\"\" width=\"200\" height=\"300\" srcset=\"https:\/\/zjarr.tv\/wp-content\/uploads\/2022\/07\/IMG-20220729-WA0031-200x300.jpg 200w, https:\/\/zjarr.tv\/wp-content\/uploads\/2022\/07\/IMG-20220729-WA0031-683x1024.jpg 683w, https:\/\/zjarr.tv\/wp-content\/uploads\/2022\/07\/IMG-20220729-WA0031-768x1152.jpg 768w, https:\/\/zjarr.tv\/wp-content\/uploads\/2022\/07\/IMG-20220729-WA0031-696x1044.jpg 696w, https:\/\/zjarr.tv\/wp-content\/uploads\/2022\/07\/IMG-20220729-WA0031-280x420.jpg 280w, https:\/\/zjarr.tv\/wp-content\/uploads\/2022\/07\/IMG-20220729-WA0031.jpg 992w\" sizes=\"auto, (max-width: 200px) 100vw, 200px\" \/><\/p>\n<p><img loading=\"lazy\" decoding=\"async\" class=\"alignnone size-medium wp-image-274814\" src=\"https:\/\/zjarr.tv\/wp-content\/uploads\/2022\/07\/IMG-20220729-WA0029-200x300.jpg\" alt=\"\" width=\"200\" height=\"300\" srcset=\"https:\/\/zjarr.tv\/wp-content\/uploads\/2022\/07\/IMG-20220729-WA0029-200x300.jpg 200w, https:\/\/zjarr.tv\/wp-content\/uploads\/2022\/07\/IMG-20220729-WA0029-683x1024.jpg 683w, https:\/\/zjarr.tv\/wp-content\/uploads\/2022\/07\/IMG-20220729-WA0029-768x1152.jpg 768w, https:\/\/zjarr.tv\/wp-content\/uploads\/2022\/07\/IMG-20220729-WA0029-696x1044.jpg 696w, https:\/\/zjarr.tv\/wp-content\/uploads\/2022\/07\/IMG-20220729-WA0029-280x420.jpg 280w, https:\/\/zjarr.tv\/wp-content\/uploads\/2022\/07\/IMG-20220729-WA0029.jpg 992w\" sizes=\"auto, (max-width: 200px) 100vw, 200px\" \/><\/p>\n<p>&nbsp;<\/p>\n<p><img loading=\"lazy\" decoding=\"async\" class=\"alignnone size-medium wp-image-274826\" src=\"https:\/\/zjarr.tv\/wp-content\/uploads\/2022\/07\/IMG-20220729-WA0045-300x200.jpg\" alt=\"\" width=\"300\" height=\"200\" srcset=\"https:\/\/zjarr.tv\/wp-content\/uploads\/2022\/07\/IMG-20220729-WA0045-300x200.jpg 300w, https:\/\/zjarr.tv\/wp-content\/uploads\/2022\/07\/IMG-20220729-WA0045-1024x683.jpg 1024w, https:\/\/zjarr.tv\/wp-content\/uploads\/2022\/07\/IMG-20220729-WA0045-768x512.jpg 768w, https:\/\/zjarr.tv\/wp-content\/uploads\/2022\/07\/IMG-20220729-WA0045-696x464.jpg 696w, https:\/\/zjarr.tv\/wp-content\/uploads\/2022\/07\/IMG-20220729-WA0045-1068x712.jpg 1068w, https:\/\/zjarr.tv\/wp-content\/uploads\/2022\/07\/IMG-20220729-WA0045-630x420.jpg 630w, https:\/\/zjarr.tv\/wp-content\/uploads\/2022\/07\/IMG-20220729-WA0045.jpg 1488w\" sizes=\"auto, (max-width: 300px) 100vw, 300px\" \/><\/p>\n<p><img loading=\"lazy\" decoding=\"async\" class=\"alignnone size-medium wp-image-274827\" src=\"https:\/\/zjarr.tv\/wp-content\/uploads\/2022\/07\/Screenshot_20220729-231117_Instagram-253x300.jpg\" alt=\"\" width=\"253\" height=\"300\" srcset=\"https:\/\/zjarr.tv\/wp-content\/uploads\/2022\/07\/Screenshot_20220729-231117_Instagram-253x300.jpg 253w, https:\/\/zjarr.tv\/wp-content\/uploads\/2022\/07\/Screenshot_20220729-231117_Instagram-864x1024.jpg 864w, https:\/\/zjarr.tv\/wp-content\/uploads\/2022\/07\/Screenshot_20220729-231117_Instagram-768x910.jpg 768w, https:\/\/zjarr.tv\/wp-content\/uploads\/2022\/07\/Screenshot_20220729-231117_Instagram-696x825.jpg 696w, https:\/\/zjarr.tv\/wp-content\/uploads\/2022\/07\/Screenshot_20220729-231117_Instagram-1068x1266.jpg 1068w, https:\/\/zjarr.tv\/wp-content\/uploads\/2022\/07\/Screenshot_20220729-231117_Instagram-354x420.jpg 354w, https:\/\/zjarr.tv\/wp-content\/uploads\/2022\/07\/Screenshot_20220729-231117_Instagram.jpg 1080w\" sizes=\"auto, (max-width: 253px) 100vw, 253px\" \/><\/p>\n<p><img loading=\"lazy\" decoding=\"async\" class=\"alignnone size-medium wp-image-274815\" src=\"https:\/\/zjarr.tv\/wp-content\/uploads\/2022\/07\/IMG-20220729-WA0027-300x200.jpg\" alt=\"\" width=\"300\" height=\"200\" srcset=\"https:\/\/zjarr.tv\/wp-content\/uploads\/2022\/07\/IMG-20220729-WA0027-300x200.jpg 300w, https:\/\/zjarr.tv\/wp-content\/uploads\/2022\/07\/IMG-20220729-WA0027-1024x683.jpg 1024w, https:\/\/zjarr.tv\/wp-content\/uploads\/2022\/07\/IMG-20220729-WA0027-768x512.jpg 768w, https:\/\/zjarr.tv\/wp-content\/uploads\/2022\/07\/IMG-20220729-WA0027-696x464.jpg 696w, https:\/\/zjarr.tv\/wp-content\/uploads\/2022\/07\/IMG-20220729-WA0027-1068x712.jpg 1068w, https:\/\/zjarr.tv\/wp-content\/uploads\/2022\/07\/IMG-20220729-WA0027-630x420.jpg 630w, https:\/\/zjarr.tv\/wp-content\/uploads\/2022\/07\/IMG-20220729-WA0027.jpg 1488w\" sizes=\"auto, (max-width: 300px) 100vw, 300px\" \/><\/p>\n<p><img loading=\"lazy\" decoding=\"async\" class=\"alignnone size-medium wp-image-274816\" src=\"https:\/\/zjarr.tv\/wp-content\/uploads\/2022\/07\/IMG-20220729-WA0028-200x300.jpg\" alt=\"\" width=\"200\" height=\"300\" srcset=\"https:\/\/zjarr.tv\/wp-content\/uploads\/2022\/07\/IMG-20220729-WA0028-200x300.jpg 200w, https:\/\/zjarr.tv\/wp-content\/uploads\/2022\/07\/IMG-20220729-WA0028-683x1024.jpg 683w, https:\/\/zjarr.tv\/wp-content\/uploads\/2022\/07\/IMG-20220729-WA0028-768x1152.jpg 768w, https:\/\/zjarr.tv\/wp-content\/uploads\/2022\/07\/IMG-20220729-WA0028-696x1044.jpg 696w, https:\/\/zjarr.tv\/wp-content\/uploads\/2022\/07\/IMG-20220729-WA0028-280x420.jpg 280w, https:\/\/zjarr.tv\/wp-content\/uploads\/2022\/07\/IMG-20220729-WA0028.jpg 992w\" sizes=\"auto, (max-width: 200px) 100vw, 200px\" \/><\/p>\n","protected":false},"excerpt":{"rendered":"<p>&#8220;Mami dhe babi po b\u00ebjn\u00eb das\u00ebm&#8221; &#8230; Drini dhe Ajri t\u00eb lumtur n\u00eb dasm\u00ebn e prind\u00ebrve. Regjisori Ismet Drishti ka kuror\u00ebzuar dashurin\u00eb n\u00eb martes\u00eb me bashk\u00ebshorten e tij Eniana Drishti. N\u00eb fjal\u00ebn e saj p\u00ebrsh\u00ebndet\u00ebse Eniana Drishti plot emocion u shpreh: &#8220;P\u00ebr 35 vjetorin tim&#8230;m\u00eb veshi fustanin e bardh\u00eb dhe b\u00ebm\u00eb fest\u00ebn q\u00eb nuk e [&hellip;]<\/p>\n","protected":false},"author":2031,"featured_media":274820,"comment_status":"closed","ping_status":"closed","sticky":false,"template":"","format":"standard","meta":{"footnotes":""},"categories":[231,193],"tags":[],"class_list":{"0":"post-274805","1":"post","2":"type-post","3":"status-publish","4":"format-standard","5":"has-post-thumbnail","7":"category-lajme","8":"category-showbiz"},"_links":{"self":[{"href":"https:\/\/zjarr.tv\/sq\/wp-json\/wp\/v2\/posts\/274805","targetHints":{"allow":["GET"]}}],"collection":[{"href":"https:\/\/zjarr.tv\/sq\/wp-json\/wp\/v2\/posts"}],"about":[{"href":"https:\/\/zjarr.tv\/sq\/wp-json\/wp\/v2\/types\/post"}],"author":[{"embeddable":true,"href":"https:\/\/zjarr.tv\/sq\/wp-json\/wp\/v2\/users\/2031"}],"replies":[{"embeddable":true,"href":"https:\/\/zjarr.tv\/sq\/wp-json\/wp\/v2\/comments?post=274805"}],"version-history":[{"count":0,"href":"https:\/\/zjarr.tv\/sq\/wp-json\/wp\/v2\/posts\/274805\/revisions"}],"wp:featuredmedia":[{"embeddable":true,"href":"https:\/\/zjarr.tv\/sq\/wp-json\/wp\/v2\/media\/274820"}],"wp:attachment":[{"href":"https:\/\/zjarr.tv\/sq\/wp-json\/wp\/v2\/media?parent=274805"}],"wp:term":[{"taxonomy":"category","embeddable":true,"href":"https:\/\/zjarr.tv\/sq\/wp-json\/wp\/v2\/categories?post=274805"},{"taxonomy":"post_tag","embeddable":true,"href":"https:\/\/zjarr.tv\/sq\/wp-json\/wp\/v2\/tags?post=274805"}],"curies":[{"name":"wp","href":"https:\/\/api.w.org\/{rel}","templated":true}]}}