{"id":274840,"date":"2022-07-30T10:27:55","date_gmt":"2022-07-30T08:27:55","guid":{"rendered":"https:\/\/zjarr.tv\/?p=274840"},"modified":"2022-07-30T10:28:04","modified_gmt":"2022-07-30T08:28:04","slug":"genc-gjokutaj-qeveria-sla-gure-pa-levizur-per-te-shkarkuar-meten-nese-do-ekzistonte-dosja-do-e-kishin-perdorur","status":"publish","type":"post","link":"https:\/\/zjarr.tv\/sq\/genc-gjokutaj-qeveria-sla-gure-pa-levizur-per-te-shkarkuar-meten-nese-do-ekzistonte-dosja-do-e-kishin-perdorur\/","title":{"rendered":"Genc Gjokutaj: Qeveria s\u2019la gur\u00eb pa l\u00ebvizur p\u00ebr t\u00eb shkarkuar Met\u00ebn, n\u00ebse do ekzistonte dosja do e kishin p\u00ebrdorur"},"content":{"rendered":"<p>Genc Gjokutaj, gjat\u00eb nj\u00eb interviste televizive, ka folur rreth \u00e7\u00ebshtjes s\u00eb e-mailt anonym, se Meta \u00ebsht\u00eb bashk\u00ebpun\u00ebtor i sigurimit t\u00eb shtetit.<\/p>\n<p>Gjithashtu, Gjokutaj u shpreh se kjo \u00ebsht\u00eb nj\u00eb \u00e7orb\u00eb q\u00eb \u00ebsht\u00eb gatuar keq n\u00eb kuzhin\u00ebn e atyre q\u00eb e kan\u00eb interesin t\u00eb godasin Met\u00ebn.<\/p>\n<p>\u201cTema e Met\u00ebs \u00ebsht\u00eb e nxeht\u00eb p\u00ebr ata q\u00eb e kan\u00eb projektuar k\u00ebt\u00eb skenar dhe ter\u00ebsisht e ftoht\u00eb p\u00ebr shtetasin Ilir Meta duke u nisur edhe nga historia q\u00eb kishte me shkarkimin e tij nga kjo maxhoranc\u00eb.<\/p>\n","protected":false},"excerpt":{"rendered":"<p>Genc Gjokutaj, gjat\u00eb nj\u00eb interviste televizive, ka folur rreth \u00e7\u00ebshtjes s\u00eb e-mailt anonym, se Meta \u00ebsht\u00eb bashk\u00ebpun\u00ebtor i sigurimit t\u00eb shtetit. Gjithashtu, Gjokutaj u shpreh se kjo \u00ebsht\u00eb nj\u00eb \u00e7orb\u00eb q\u00eb \u00ebsht\u00eb gatuar keq n\u00eb kuzhin\u00ebn e atyre q\u00eb e kan\u00eb interesin t\u00eb godasin Met\u00ebn. \u201cTema e Met\u00ebs \u00ebsht\u00eb e nxeht\u00eb p\u00ebr ata q\u00eb e [&hellip;]<\/p>\n","protected":false},"author":2031,"featured_media":273821,"comment_status":"closed","ping_status":"closed","sticky":false,"template":"","format":"standard","meta":{"footnotes":""},"categories":[241,231,235],"tags":[],"class_list":{"0":"post-274840","1":"post","2":"type-post","3":"status-publish","4":"format-standard","5":"has-post-thumbnail","7":"category-aktualitet","8":"category-lajme","9":"category-vendi"},"_links":{"self":[{"href":"https:\/\/zjarr.tv\/sq\/wp-json\/wp\/v2\/posts\/274840","targetHints":{"allow":["GET"]}}],"collection":[{"href":"https:\/\/zjarr.tv\/sq\/wp-json\/wp\/v2\/posts"}],"about":[{"href":"https:\/\/zjarr.tv\/sq\/wp-json\/wp\/v2\/types\/post"}],"author":[{"embeddable":true,"href":"https:\/\/zjarr.tv\/sq\/wp-json\/wp\/v2\/users\/2031"}],"replies":[{"embeddable":true,"href":"https:\/\/zjarr.tv\/sq\/wp-json\/wp\/v2\/comments?post=274840"}],"version-history":[{"count":0,"href":"https:\/\/zjarr.tv\/sq\/wp-json\/wp\/v2\/posts\/274840\/revisions"}],"wp:featuredmedia":[{"embeddable":true,"href":"https:\/\/zjarr.tv\/sq\/wp-json\/wp\/v2\/media\/273821"}],"wp:attachment":[{"href":"https:\/\/zjarr.tv\/sq\/wp-json\/wp\/v2\/media?parent=274840"}],"wp:term":[{"taxonomy":"category","embeddable":true,"href":"https:\/\/zjarr.tv\/sq\/wp-json\/wp\/v2\/categories?post=274840"},{"taxonomy":"post_tag","embeddable":true,"href":"https:\/\/zjarr.tv\/sq\/wp-json\/wp\/v2\/tags?post=274840"}],"curies":[{"name":"wp","href":"https:\/\/api.w.org\/{rel}","templated":true}]}}