{"id":274844,"date":"2022-07-30T10:47:58","date_gmt":"2022-07-30T08:47:58","guid":{"rendered":"https:\/\/zjarr.tv\/?p=274844"},"modified":"2022-07-30T10:47:58","modified_gmt":"2022-07-30T08:47:58","slug":"flet-kryeministri-rama-do-jete-shume-e-veshtire-te-gjejme-energji","status":"publish","type":"post","link":"https:\/\/zjarr.tv\/sq\/flet-kryeministri-rama-do-jete-shume-e-veshtire-te-gjejme-energji\/","title":{"rendered":"Flet kryeministri Rama: Do jet\u00eb shum\u00eb e v\u00ebshtir\u00eb t\u00eb gjejm\u00eb energji"},"content":{"rendered":"<p>Kryeministri Edi Rama, pasditen e djeshme s\u00eb bashku me z\u00ebvend\u00ebskryeministren Belinda Balluku, kan\u00eb inspektuar kantierin e Portit t\u00eb ri t\u00eb Vlor\u00ebs, ku Balluku b\u00ebri tha se kantieri do t\u00eb jet\u00eb gati n\u00eb tetor, nd\u00ebrsa projekti pritet t\u00eb realizohet brenda 36 muajsh.<\/p>\n<p>Nd\u00ebrkoh\u00eb, kreu i qeveris\u00eb \u00ebsht\u00eb ndalur tek prodhimi i energjis\u00eb, ku tha se p\u00ebrve\u00e7 \u00e7mimit t\u00eb lart\u00eb, do t\u00eb ket\u00eb edhe munges\u00eb t\u00eb energjis\u00eb.<\/p>\n<p>Rama: \u201cKur mbaron puna\u201d?<\/p>\n<p>Balluku: \u201cN\u00eb tetor jemi t\u00eb gatsh\u00ebm t\u00eb nisim kantierin. Deri n\u00eb tetor k\u00ebtu nis puna dhe zgjat 36 muaj\u201d.<\/p>\n","protected":false},"excerpt":{"rendered":"<p>Kryeministri Edi Rama, pasditen e djeshme s\u00eb bashku me z\u00ebvend\u00ebskryeministren Belinda Balluku, kan\u00eb inspektuar kantierin e Portit t\u00eb ri t\u00eb Vlor\u00ebs, ku Balluku b\u00ebri tha se kantieri do t\u00eb jet\u00eb gati n\u00eb tetor, nd\u00ebrsa projekti pritet t\u00eb realizohet brenda 36 muajsh. Nd\u00ebrkoh\u00eb, kreu i qeveris\u00eb \u00ebsht\u00eb ndalur tek prodhimi i energjis\u00eb, ku tha se p\u00ebrve\u00e7 [&hellip;]<\/p>\n","protected":false},"author":2031,"featured_media":247621,"comment_status":"closed","ping_status":"closed","sticky":false,"template":"","format":"standard","meta":{"footnotes":""},"categories":[241,231,235],"tags":[],"class_list":{"0":"post-274844","1":"post","2":"type-post","3":"status-publish","4":"format-standard","5":"has-post-thumbnail","7":"category-aktualitet","8":"category-lajme","9":"category-vendi"},"_links":{"self":[{"href":"https:\/\/zjarr.tv\/sq\/wp-json\/wp\/v2\/posts\/274844","targetHints":{"allow":["GET"]}}],"collection":[{"href":"https:\/\/zjarr.tv\/sq\/wp-json\/wp\/v2\/posts"}],"about":[{"href":"https:\/\/zjarr.tv\/sq\/wp-json\/wp\/v2\/types\/post"}],"author":[{"embeddable":true,"href":"https:\/\/zjarr.tv\/sq\/wp-json\/wp\/v2\/users\/2031"}],"replies":[{"embeddable":true,"href":"https:\/\/zjarr.tv\/sq\/wp-json\/wp\/v2\/comments?post=274844"}],"version-history":[{"count":0,"href":"https:\/\/zjarr.tv\/sq\/wp-json\/wp\/v2\/posts\/274844\/revisions"}],"wp:featuredmedia":[{"embeddable":true,"href":"https:\/\/zjarr.tv\/sq\/wp-json\/wp\/v2\/media\/247621"}],"wp:attachment":[{"href":"https:\/\/zjarr.tv\/sq\/wp-json\/wp\/v2\/media?parent=274844"}],"wp:term":[{"taxonomy":"category","embeddable":true,"href":"https:\/\/zjarr.tv\/sq\/wp-json\/wp\/v2\/categories?post=274844"},{"taxonomy":"post_tag","embeddable":true,"href":"https:\/\/zjarr.tv\/sq\/wp-json\/wp\/v2\/tags?post=274844"}],"curies":[{"name":"wp","href":"https:\/\/api.w.org\/{rel}","templated":true}]}}