{"id":274849,"date":"2022-07-30T11:17:59","date_gmt":"2022-07-30T09:17:59","guid":{"rendered":"https:\/\/zjarr.tv\/?p=274849"},"modified":"2022-07-30T11:17:59","modified_gmt":"2022-07-30T09:17:59","slug":"lefter-maliqi-ilir-meta-eshte-kthyer-me-energji-5-fishin-e-rames-ka-kerkese-llogarie-dhe-te-merr-3-here-ne-dite-ne-telefon-ku-je-ca-ben-do-organizojme-takim","status":"publish","type":"post","link":"https:\/\/zjarr.tv\/sq\/lefter-maliqi-ilir-meta-eshte-kthyer-me-energji-5-fishin-e-rames-ka-kerkese-llogarie-dhe-te-merr-3-here-ne-dite-ne-telefon-ku-je-ca-ben-do-organizojme-takim\/","title":{"rendered":"Lefter Maliqi: Ilir Meta \u00ebsht\u00eb kthyer me energji 5-fishin e Ram\u00ebs, ka k\u00ebrkes\u00eb llogarie dhe t\u00eb merr 3 her\u00eb n\u00eb dit\u00eb n\u00eb telefon, ku je, \u00e7a b\u00ebn do organizojm\u00eb takim"},"content":{"rendered":"<p>Ish-deputeti Lefter Maliqi, gjat\u00eb nj\u00eb interviste televizive, \u00ebsht\u00eb shprehur se do t\u00eb kandidoj\u00eb p\u00ebr kryetar t\u00eb nj\u00eb bashkie n\u00eb qarkun e Beratit, n\u00ebn sigl\u00ebn e opozit\u00ebs s\u00eb bashkuar.<\/p>\n<p>Duke komentuar me superlativa rikthimin e Ilir Met\u00ebs n\u00eb politik\u00ebn aktive, Maliqi tha se \u201cbinomi i fuqish\u00ebm Berisha-Meta\u201d, kan\u00eb 7 fishin e energjis\u00eb s\u00eb Kryeministrit Edi Rama.<\/p>\n","protected":false},"excerpt":{"rendered":"<p>Ish-deputeti Lefter Maliqi, gjat\u00eb nj\u00eb interviste televizive, \u00ebsht\u00eb shprehur se do t\u00eb kandidoj\u00eb p\u00ebr kryetar t\u00eb nj\u00eb bashkie n\u00eb qarkun e Beratit, n\u00ebn sigl\u00ebn e opozit\u00ebs s\u00eb bashkuar. Duke komentuar me superlativa rikthimin e Ilir Met\u00ebs n\u00eb politik\u00ebn aktive, Maliqi tha se \u201cbinomi i fuqish\u00ebm Berisha-Meta\u201d, kan\u00eb 7 fishin e energjis\u00eb s\u00eb Kryeministrit Edi Rama.<\/p>\n","protected":false},"author":2031,"featured_media":189412,"comment_status":"closed","ping_status":"closed","sticky":false,"template":"","format":"standard","meta":{"footnotes":""},"categories":[241,231,235],"tags":[],"class_list":{"0":"post-274849","1":"post","2":"type-post","3":"status-publish","4":"format-standard","5":"has-post-thumbnail","7":"category-aktualitet","8":"category-lajme","9":"category-vendi"},"_links":{"self":[{"href":"https:\/\/zjarr.tv\/sq\/wp-json\/wp\/v2\/posts\/274849","targetHints":{"allow":["GET"]}}],"collection":[{"href":"https:\/\/zjarr.tv\/sq\/wp-json\/wp\/v2\/posts"}],"about":[{"href":"https:\/\/zjarr.tv\/sq\/wp-json\/wp\/v2\/types\/post"}],"author":[{"embeddable":true,"href":"https:\/\/zjarr.tv\/sq\/wp-json\/wp\/v2\/users\/2031"}],"replies":[{"embeddable":true,"href":"https:\/\/zjarr.tv\/sq\/wp-json\/wp\/v2\/comments?post=274849"}],"version-history":[{"count":0,"href":"https:\/\/zjarr.tv\/sq\/wp-json\/wp\/v2\/posts\/274849\/revisions"}],"wp:featuredmedia":[{"embeddable":true,"href":"https:\/\/zjarr.tv\/sq\/wp-json\/wp\/v2\/media\/189412"}],"wp:attachment":[{"href":"https:\/\/zjarr.tv\/sq\/wp-json\/wp\/v2\/media?parent=274849"}],"wp:term":[{"taxonomy":"category","embeddable":true,"href":"https:\/\/zjarr.tv\/sq\/wp-json\/wp\/v2\/categories?post=274849"},{"taxonomy":"post_tag","embeddable":true,"href":"https:\/\/zjarr.tv\/sq\/wp-json\/wp\/v2\/tags?post=274849"}],"curies":[{"name":"wp","href":"https:\/\/api.w.org\/{rel}","templated":true}]}}