{"id":274853,"date":"2022-07-30T11:33:06","date_gmt":"2022-07-30T09:33:06","guid":{"rendered":"https:\/\/zjarr.tv\/?p=274853"},"modified":"2022-07-30T11:33:06","modified_gmt":"2022-07-30T09:33:06","slug":"gjiknuri-ne-celjen-e-akademise-verore-me-te-rinjte-eurosocialiste-vlora-deshmitare-e-transformimit-pjesemarrja-e-rinise-garanci-per-te-ardhmen","status":"publish","type":"post","link":"https:\/\/zjarr.tv\/sq\/gjiknuri-ne-celjen-e-akademise-verore-me-te-rinjte-eurosocialiste-vlora-deshmitare-e-transformimit-pjesemarrja-e-rinise-garanci-per-te-ardhmen\/","title":{"rendered":"Gjiknuri n\u00eb \u00e7eljen e akademis\u00eb verore me t\u00eb rinjt\u00eb eurosocialist\u00eb: \u201cVlora d\u00ebshmitare e transformimit, pjes\u00ebmarrja e rinis\u00eb, garanci p\u00ebr t\u00eb ardhmen\u201d"},"content":{"rendered":"<p>Vlora mikpriti t\u00eb rinj eurosocialist\u00eb nga 40 vende t\u00eb ndryshme t\u00eb bot\u00ebs. N\u00eb ceremonin\u00eb e hapjes s\u00eb shkoll\u00ebs verore t\u00eb YES, i pranish\u00ebm ishte dhe Sekretari i P\u00ebrgjithsh\u00ebm i Partis\u00eb Socialiste Damian Gjiknuri i shoq\u00ebruar nga Drejtuesi Politik i Qarkut Vlor\u00eb, Arben Ahmetaj, Sekretari p\u00ebr Digjitalizimin n\u00eb PS, Etjen Xhafaj dhe nga deputet\u00eb t\u00eb tjer\u00eb t\u00eb k\u00ebsaj force.<br \/>\nDuke u uruar mir\u00ebardhjen n\u00eb qytetin e Vlor\u00eb, Gjiknuri deklaroi se PS vijon t\u00eb jet\u00eb forca kryesore edhe pas 9 vitesh t\u00eb q\u00ebndrimit n\u00eb pushtet, pasi ka gjithmon\u00eb t\u00eb rinj dhe t\u00eb reja q\u00eb i bashkohen asaj.<\/p>\n<p>\u201cNe ju urojm\u00eb mir\u00ebseardhmen n\u00eb Shqip\u00ebri. Ne jemi partia n\u00eb pushtet prej 9 vitesh dhe vijojm\u00eb t\u00eb mb\u00ebshtetemi nga qytetar\u00ebt shqiptar\u00eb dhe arsyeja \u00ebsht\u00eb se ne kemi gjithmon\u00eb l\u00ebvizje n\u00eb forc\u00ebn ton\u00eb. Ne gjithmon\u00eb kemi lidera t\u00eb rinj, njer\u00ebz t\u00eb rinj q\u00eb i bashkohen partis\u00eb son\u00eb politike dhe i bashkohen lidershipit ton\u00eb. Kjo \u00ebsht\u00eb arsyeja se pse ne gjithmon\u00eb ecim p\u00ebrpara, fitojm\u00eb zgjedhjet dhe un\u00eb mendoj se po b\u00ebjm\u00eb m\u00eb t\u00eb mir\u00ebn p\u00ebr vendin ton\u00eb\u201d, theksoi ai.<\/p>\n<p>Numri dy i socialist\u00ebve deklaroi se Vlora ka qen\u00eb d\u00ebshmitare e ndryshimeve pozitive q\u00eb kan\u00eb ndodhur n\u00eb Shqip\u00ebri n\u00ebn qeverisjen socialiste.<\/p>\n<p>\u201cVlora nj\u00eb qytet q\u00eb ka patur nj\u00eb transformim t\u00eb madh. Sigurisht ky \u00ebsht\u00eb nj\u00eb aktivitet p\u00ebr t\u00eb shijuar Shqip\u00ebrin\u00eb, p\u00ebr t\u00eb shijuar k\u00ebt\u00eb qytet dhe p\u00ebr t\u00eb par\u00eb t\u00eb gjith\u00eb transformimin q\u00eb ky vend ka par\u00eb k\u00ebto vitet e fundit. Un\u00eb kam qen\u00eb d\u00ebshmitar, bashk\u00eb me shum\u00eb shqiptar\u00eb se sa shum\u00eb ka ndryshuar Vlora dhe ju e keni par\u00eb q\u00eb \u00ebsht\u00eb nj\u00eb nga qytetet m\u00eb t\u00eb gjalla, ve\u00e7an\u00ebrisht n\u00eb k\u00ebt\u00eb periudh\u00eb t\u00eb vitit, sezonin veror. Dhe sigurisht, e ku m\u00eb mir\u00eb se sa n\u00eb k\u00ebt\u00eb qytet, do t\u00eb ishte m\u00eb mir\u00eb p\u00ebr t\u00eb organizuar k\u00ebt\u00eb workshop me t\u00eb rinj, ngado q\u00eb vijn\u00eb, p\u00ebr t\u00eb shijuar qytetin, por n\u00eb t\u00eb nj\u00ebjt\u00ebn koh\u00eb p\u00ebr t\u00eb shk\u00ebmbyer idet\u00eb mes brezit t\u00eb ri t\u00eb politikan\u00ebve, p\u00ebr t\u00eb ardhmen e bot\u00ebs; p\u00ebr zhvillimet aktuale dhe sigurisht p\u00ebr t\u00eb ardhmen.\u201d, shtoi m\u00eb tej Gjiknuri.<\/p>\n<p>Ai n\u00ebnvizoi r\u00ebnd\u00ebsin\u00eb e aktivizmit t\u00eb t\u00eb rinjve n\u00eb politik\u00eb si nj\u00eb mund\u00ebsi jo vet\u00ebm p\u00ebr t\u00eb formuar karakter, por dhe p\u00ebr t\u00eb ndryshuar vendin e tyre.<\/p>\n<p>\u201cMendoj se kjo \u00ebsht\u00eb nj\u00eb mund\u00ebsi e mir\u00eb p\u00ebr t\u00eb shk\u00ebmbyer eksperienca nga vendet tuaja, n\u00eb ve\u00e7anti mbi k\u00ebto politika. Sigurisht ne mendojm\u00eb se pjes\u00ebmarrja e rinis\u00eb, \u00ebsht\u00eb garanci p\u00ebr t\u00eb ardhmen e politik\u00ebs, sepse \u00e7do organizat\u00eb pa pjes\u00ebmarrjen e t\u00eb rinjve \u00ebsht\u00eb \u201ce vdekur\u201d dhe n\u00eb ve\u00e7anti ato politike, edhe pse ndonj\u00ebher\u00eb n\u00eb koh\u00ebt e sotme disa njer\u00ebz thon\u00eb se kjo nuk \u00ebsht\u00eb profesionale, por nuk ka asnj\u00eb m\u00ebnyr\u00eb tjet\u00ebr p\u00ebr t\u00eb rregulluar nj\u00eb shtet apo p\u00ebr t\u00eb mbrojtur t\u00eb ardhmen tuaj, pa pjes\u00ebmarrjen direkte n\u00eb politik\u00eb. K\u00ebshtu q\u00eb un\u00eb mendoj se \u00e7do veprim , \u00e7do koh\u00eb q\u00eb ju harxhoni n\u00eb politik\u00eb, \u00ebsht\u00eb e vlefshme jo vet\u00ebm p\u00ebr ju, p\u00ebr t\u00eb formuar karakterin, por n\u00eb t\u00eb nj\u00ebjt\u00ebn koh\u00eb p\u00ebr t\u00eb ndryshuar bot\u00ebn.\u201d, theksoi Sekretari i P\u00ebrgjithsh\u00ebm i PS, Damian Gjiknuri.<\/p>\n<p>Burimi:BalkanWeb<\/p>\n","protected":false},"excerpt":{"rendered":"<p>Vlora mikpriti t\u00eb rinj eurosocialist\u00eb nga 40 vende t\u00eb ndryshme t\u00eb bot\u00ebs. N\u00eb ceremonin\u00eb e hapjes s\u00eb shkoll\u00ebs verore t\u00eb YES, i pranish\u00ebm ishte dhe Sekretari i P\u00ebrgjithsh\u00ebm i Partis\u00eb Socialiste Damian Gjiknuri i shoq\u00ebruar nga Drejtuesi Politik i Qarkut Vlor\u00eb, Arben Ahmetaj, Sekretari p\u00ebr Digjitalizimin n\u00eb PS, Etjen Xhafaj dhe nga deputet\u00eb t\u00eb tjer\u00eb [&hellip;]<\/p>\n","protected":false},"author":2037,"featured_media":158813,"comment_status":"closed","ping_status":"closed","sticky":false,"template":"","format":"standard","meta":{"footnotes":""},"categories":[241,364,231],"tags":[],"class_list":{"0":"post-274853","1":"post","2":"type-post","3":"status-publish","4":"format-standard","5":"has-post-thumbnail","7":"category-aktualitet","8":"category-koment-opinion","9":"category-lajme"},"_links":{"self":[{"href":"https:\/\/zjarr.tv\/sq\/wp-json\/wp\/v2\/posts\/274853","targetHints":{"allow":["GET"]}}],"collection":[{"href":"https:\/\/zjarr.tv\/sq\/wp-json\/wp\/v2\/posts"}],"about":[{"href":"https:\/\/zjarr.tv\/sq\/wp-json\/wp\/v2\/types\/post"}],"author":[{"embeddable":true,"href":"https:\/\/zjarr.tv\/sq\/wp-json\/wp\/v2\/users\/2037"}],"replies":[{"embeddable":true,"href":"https:\/\/zjarr.tv\/sq\/wp-json\/wp\/v2\/comments?post=274853"}],"version-history":[{"count":0,"href":"https:\/\/zjarr.tv\/sq\/wp-json\/wp\/v2\/posts\/274853\/revisions"}],"wp:featuredmedia":[{"embeddable":true,"href":"https:\/\/zjarr.tv\/sq\/wp-json\/wp\/v2\/media\/158813"}],"wp:attachment":[{"href":"https:\/\/zjarr.tv\/sq\/wp-json\/wp\/v2\/media?parent=274853"}],"wp:term":[{"taxonomy":"category","embeddable":true,"href":"https:\/\/zjarr.tv\/sq\/wp-json\/wp\/v2\/categories?post=274853"},{"taxonomy":"post_tag","embeddable":true,"href":"https:\/\/zjarr.tv\/sq\/wp-json\/wp\/v2\/tags?post=274853"}],"curies":[{"name":"wp","href":"https:\/\/api.w.org\/{rel}","templated":true}]}}