{"id":274866,"date":"2022-07-30T11:59:23","date_gmt":"2022-07-30T09:59:23","guid":{"rendered":"https:\/\/zjarr.tv\/?p=274866"},"modified":"2022-07-30T12:04:37","modified_gmt":"2022-07-30T10:04:37","slug":"tre-shoket-tigri-tahiri-e-tarasi","status":"publish","type":"post","link":"https:\/\/zjarr.tv\/sq\/tre-shoket-tigri-tahiri-e-tarasi\/","title":{"rendered":"Tre shoket: Tigri, Tahiri e&#8230; Tarasi"},"content":{"rendered":"<p>Gazetari i njohur Ylli Dylgjeri, shquhet p\u00ebr satir\u00ebn dhe ironin\u00eb, ku edhe k\u00ebsaj here ka goditur me nj\u00eb kolazh fotosh, q\u00eb tregojn\u00eb shum\u00eb p\u00ebr fundin politik t\u00eb Edi Ram\u00ebs.<\/p>\n<p>Fotoja e publikuar n\u00eb ve\u00e7anti tregon p\u00ebr faktin, q\u00eb ai po i tradh\u00ebton ata q\u00eb ishin m\u00eb t\u00eb af\u00ebrtit e m\u00eb t\u00eb besuarit e tij.<\/p>\n<p>Saimir Tahiri ishte krahu i djatht\u00eb i Edi Ram\u00ebs p\u00ebr shum\u00eb vite, sot \u00ebsht\u00eb n\u00eb burg.<\/p>\n<p>Arben Ahmetaj, po ashtu, m\u00eb i besuari, m\u00eb i af\u00ebrti i Ram\u00ebs n\u00eb vitet e fundit, sot \u00ebsht\u00eb m\u00ebnjanuar, \u00ebsht\u00eb zhdukur nga skena politike, pa asnj\u00eb sqarim.<\/p>\n<p>Kryeministri Rama, e degdisi Arben Ahmetajn, pak dit\u00eb m\u00eb par\u00eb dhe n\u00eb vend t\u00eb tij vendosi Belinda Ballukun.<\/p>\n<p>A do t\u2019i bashkohet edhe Arben Ahmetaj, Saimir Tahirit n\u00eb qeli?\/Syri<\/p>\n","protected":false},"excerpt":{"rendered":"<p>Gazetari i njohur Ylli Dylgjeri, shquhet p\u00ebr satir\u00ebn dhe ironin\u00eb, ku edhe k\u00ebsaj here ka goditur me nj\u00eb kolazh fotosh, q\u00eb tregojn\u00eb shum\u00eb p\u00ebr fundin politik t\u00eb Edi Ram\u00ebs. Fotoja e publikuar n\u00eb ve\u00e7anti tregon p\u00ebr faktin, q\u00eb ai po i tradh\u00ebton ata q\u00eb ishin m\u00eb t\u00eb af\u00ebrtit e m\u00eb t\u00eb besuarit e tij. Saimir [&hellip;]<\/p>\n","protected":false},"author":2020,"featured_media":124411,"comment_status":"closed","ping_status":"closed","sticky":false,"template":"","format":"standard","meta":{"footnotes":""},"categories":[241,5380,231],"tags":[],"class_list":{"0":"post-274866","1":"post","2":"type-post","3":"status-publish","4":"format-standard","5":"has-post-thumbnail","7":"category-aktualitet","8":"category-kryesore","9":"category-lajme"},"_links":{"self":[{"href":"https:\/\/zjarr.tv\/sq\/wp-json\/wp\/v2\/posts\/274866","targetHints":{"allow":["GET"]}}],"collection":[{"href":"https:\/\/zjarr.tv\/sq\/wp-json\/wp\/v2\/posts"}],"about":[{"href":"https:\/\/zjarr.tv\/sq\/wp-json\/wp\/v2\/types\/post"}],"author":[{"embeddable":true,"href":"https:\/\/zjarr.tv\/sq\/wp-json\/wp\/v2\/users\/2020"}],"replies":[{"embeddable":true,"href":"https:\/\/zjarr.tv\/sq\/wp-json\/wp\/v2\/comments?post=274866"}],"version-history":[{"count":0,"href":"https:\/\/zjarr.tv\/sq\/wp-json\/wp\/v2\/posts\/274866\/revisions"}],"wp:featuredmedia":[{"embeddable":true,"href":"https:\/\/zjarr.tv\/sq\/wp-json\/wp\/v2\/media\/124411"}],"wp:attachment":[{"href":"https:\/\/zjarr.tv\/sq\/wp-json\/wp\/v2\/media?parent=274866"}],"wp:term":[{"taxonomy":"category","embeddable":true,"href":"https:\/\/zjarr.tv\/sq\/wp-json\/wp\/v2\/categories?post=274866"},{"taxonomy":"post_tag","embeddable":true,"href":"https:\/\/zjarr.tv\/sq\/wp-json\/wp\/v2\/tags?post=274866"}],"curies":[{"name":"wp","href":"https:\/\/api.w.org\/{rel}","templated":true}]}}