{"id":274875,"date":"2022-07-30T12:13:24","date_gmt":"2022-07-30T10:13:24","guid":{"rendered":"https:\/\/zjarr.tv\/?p=274875"},"modified":"2022-07-30T12:33:11","modified_gmt":"2022-07-30T10:33:11","slug":"alergjia-e-rames-ndaj-personaliteteve","status":"publish","type":"post","link":"https:\/\/zjarr.tv\/sq\/alergjia-e-rames-ndaj-personaliteteve\/","title":{"rendered":"Reagon Shehu pas prezantimit t\u00eb kryenegociatores s\u00eb re:\u201cAlergjia\u201d e Ram\u00ebs ndaj personaliteteve!"},"content":{"rendered":"<p>Deputeti i Partis\u00eb Demokratike, Tritan Shehu ka reaguar menj\u00ebher\u00eb pas prezantimit t\u00eb kryenegociatores s\u00eb re dhe stafit t\u00eb saj nga kryeministri, duke treguar k\u00ebshtu arsyet p\u00ebrse u shkarkua Zef Mazi nga detyra. Shehu pohon se Rama ka \u201calergji\u201d ndaj personaliteve.<\/p>\n<p>Postimi i tij:<\/p>\n<p>Zef Mazi u shkarkua nga detyra e negociatorit pikerisht ate dite, qe do te fillonte te luante rolin e tij shume te rendesishem. Vonesat ne hapjen e negociatave e cdo gje tjeter negative e deri tanishme nuk lidheshin me ate, nuk kishin te benin me detyrat e tij.<br \/>\nShkarkimi \u201crrufe\u201d i Mazit nuk e cfajeson dot Ramen per kalvarin e deri tanishem, ai dhe vetem ai eshte pergjegjesi! Dhe u shkarkua atehere pa ju komunikuar asgje direkt prej tij, qofte dhe disa ore me pare, pa asnje pershendetje, pa asgje nga Kryeministri. Aq sa dhe nje \u201ckoktej\u201d ndarje ja organizuan kolege te huaj. Dhe sot Kryeministri perpara ngociatoreve anonime, ben sikur e falenderon ate. Hipokrizi ekstreme kjo.<\/p>\n<p>Fatkeqesisht nen kete kryeminister kete fat kane te gjithe ata qe tregojne nje personalitetet te tyre, qe kane idete e mendimet e tyre dhe i mbrojne ato. Zefi eshte i tille, nje diplomat i klasit te pare. Ka qene ambasador shume i rendesishem edhe kur une isha Minister i Jashtem. Kishte karakterin e personalitetin e tij, dinte te mbronte direkt ate qe mendonte, te debatonte qartesisht edhe kur ato ndryshonin nga te Ministrise.<br \/>\nPikerisht per keto cilesi te pa pranueshme per Kryeministrin, ai u shkarkua \u201cfluturimthi\u201d, atehere kur duhej me shume. Sepse \u201cjete gjate\u201d ne apo prane kesaj Qeverie jane vetem ata, qe pranojne te kthehen thjesht ne \u201cgur shahu\u201d, ne sherbetore te perulur para sulltanit.<\/p>\n<p>Nje simptom fatal ky per kete Kryeminister, qe po e rrukullis vendin ne shkaterrim, sepse sic i thone: \u201cStan me lepuj nuk behet\u201d<br \/>\nDhe per fatkeqesine e ketij vendi e tille eshte katandisur kjo Qeveri! Shqiperia ka nevoje per ndryshime te medha\u2026dhe ato po trokasin tashme!<\/p>\n<p>Postimi i Shehut ne Facebook.<\/p>\n","protected":false},"excerpt":{"rendered":"<p>Deputeti i Partis\u00eb Demokratike, Tritan Shehu ka reaguar menj\u00ebher\u00eb pas prezantimit t\u00eb kryenegociatores s\u00eb re dhe stafit t\u00eb saj nga kryeministri, duke treguar k\u00ebshtu arsyet p\u00ebrse u shkarkua Zef Mazi nga detyra. Shehu pohon se Rama ka \u201calergji\u201d ndaj personaliteve. Postimi i tij: Zef Mazi u shkarkua nga detyra e negociatorit pikerisht ate dite, qe [&hellip;]<\/p>\n","protected":false},"author":2037,"featured_media":133886,"comment_status":"closed","ping_status":"closed","sticky":false,"template":"","format":"standard","meta":{"footnotes":""},"categories":[241,364,231,1454],"tags":[],"class_list":{"0":"post-274875","1":"post","2":"type-post","3":"status-publish","4":"format-standard","5":"has-post-thumbnail","7":"category-aktualitet","8":"category-koment-opinion","9":"category-lajme","10":"category-politike"},"_links":{"self":[{"href":"https:\/\/zjarr.tv\/sq\/wp-json\/wp\/v2\/posts\/274875","targetHints":{"allow":["GET"]}}],"collection":[{"href":"https:\/\/zjarr.tv\/sq\/wp-json\/wp\/v2\/posts"}],"about":[{"href":"https:\/\/zjarr.tv\/sq\/wp-json\/wp\/v2\/types\/post"}],"author":[{"embeddable":true,"href":"https:\/\/zjarr.tv\/sq\/wp-json\/wp\/v2\/users\/2037"}],"replies":[{"embeddable":true,"href":"https:\/\/zjarr.tv\/sq\/wp-json\/wp\/v2\/comments?post=274875"}],"version-history":[{"count":0,"href":"https:\/\/zjarr.tv\/sq\/wp-json\/wp\/v2\/posts\/274875\/revisions"}],"wp:featuredmedia":[{"embeddable":true,"href":"https:\/\/zjarr.tv\/sq\/wp-json\/wp\/v2\/media\/133886"}],"wp:attachment":[{"href":"https:\/\/zjarr.tv\/sq\/wp-json\/wp\/v2\/media?parent=274875"}],"wp:term":[{"taxonomy":"category","embeddable":true,"href":"https:\/\/zjarr.tv\/sq\/wp-json\/wp\/v2\/categories?post=274875"},{"taxonomy":"post_tag","embeddable":true,"href":"https:\/\/zjarr.tv\/sq\/wp-json\/wp\/v2\/tags?post=274875"}],"curies":[{"name":"wp","href":"https:\/\/api.w.org\/{rel}","templated":true}]}}