{"id":274880,"date":"2022-07-30T12:17:46","date_gmt":"2022-07-30T10:17:46","guid":{"rendered":"https:\/\/zjarr.tv\/?p=274880"},"modified":"2022-07-30T12:35:09","modified_gmt":"2022-07-30T10:35:09","slug":"thirrja-e-metes-ulni-cmimet-rritni-rrogat-dhe-pensionet-mbeshtetni-financiarisht-cdo-qytetar","status":"publish","type":"post","link":"https:\/\/zjarr.tv\/sq\/thirrja-e-metes-ulni-cmimet-rritni-rrogat-dhe-pensionet-mbeshtetni-financiarisht-cdo-qytetar\/","title":{"rendered":"Thirrja e Met\u00ebs: Ulni \u00e7mimet! Rritni rrogat dhe pensionet! Mb\u00ebshtetni financiarisht \u00e7do qytetar!"},"content":{"rendered":"<p>Nga Ilir Meta<\/p>\n<p>ULNI \u00c7MIMET!<\/p>\n<p>RRITNI RROGAT DHE PENSIONET!<\/p>\n<p>MB\u00cbSHTETNI FINANCIARISHT \u00c7DO QYTETAR!<\/p>\n<p>Rritja marramend\u00ebse e \u00e7mimeve po thellon seriozisht varf\u00ebrin\u00eb, \u00e7do dit\u00eb dit\u00eb, duke k\u00ebrc\u00ebnuar si kurr\u00eb m\u00eb par\u00eb buxhetet familjare. Fuqia bler\u00ebse po zvog\u00eblohet, nd\u00ebrkoh\u00eb asnj\u00eb mas\u00eb konkrete nuk po merret nga nj\u00eb Qeveri, e padenj\u00eb p\u00ebr besimin popullor dhe e pandjeshme p\u00ebr shtresat m\u00eb n\u00eb nevoj\u00eb, ve\u00e7an\u00ebrisht p\u00ebr 935,821 qytetar\u00eb, q\u00eb jetojn\u00eb sot me m\u00eb pak se 5.5 USD n\u00eb dit\u00eb.<\/p>\n<p>NUK GJEN DOT NJ\u00cb MALL DHE AS MERR DOT NJ\u00cb SH\u00cbRBIM, Q\u00cb SOT NUK \u00cbSHT\u00cb SHTRENJTUAR, 2 DERI N\u00cb 5 FISH!<\/p>\n<p>POR NDIHMA EKONOMIKE NGA QEVERIA \u00cbSHT\u00cb ZERO!<\/p>\n<p>Asnj\u00eb plan masash p\u00ebr t\u00eb ndihmuar qytetar\u00ebt p\u00ebr t\u00eb tejkaluar kriz\u00ebn e \u00e7mimeve!<\/p>\n<p>Nj\u00eb Qeveri e ndjeshme dhe e p\u00ebrgjegjshme, do t\u00eb b\u00ebnte pik\u00ebrisht at\u00eb q\u00eb po ndodh sot n\u00eb shum\u00eb vende europiane, si\u00e7 jan\u00eb b\u00ebr\u00eb publike n\u00eb media:<\/p>\n<p>Britania e Madhe, po nd\u00ebrhyn me nj\u00eb zbritje prej 400 \u00a3 t\u00eb fatur\u00ebs s\u00eb energjis\u00eb p\u00ebr \u00e7do familje n\u00eb vit;<\/p>\n<p>Italia po planifikon t\u00eb jap\u00eb nj\u00eb bonus 200 \u20ac p\u00ebr pun\u00ebtor\u00ebt, q\u00eb fitojn\u00eb 35,000 \u20ac n\u00eb vit ose m\u00eb pak;<\/p>\n<p>Spanja ka ulur TVSH-n\u00eb n\u00eb faturat e energjis\u00eb nga 21% n\u00eb 10%;<\/p>\n<p>Franca po kompenson me 100 \u20ac \u00e7do qytetar t\u00eb saj;<\/p>\n<p>Gjermania po jep 100 \u20ac p\u00ebr familjet q\u00eb marrin mb\u00ebshtetje, nd\u00ebrsa ata q\u00eb marrin asistenc\u00eb p\u00ebr strehim do t\u00eb marrin nj\u00eb shtes\u00eb prej 270 \u20ac;<\/p>\n<p>Hollanda po u ofron familjeve t\u00eb kualifikuara nj\u00eb kompensim energjie prej 800 \u20ac, si dhe ka ulur tarif\u00ebn p\u00ebr karburantet me 21%.<\/p>\n<p>Shqip\u00ebria ka nivelin nga m\u00eb t\u00eb lart\u00eb t\u00eb \u00e7mimeve n\u00eb p\u00ebrqindje t\u00eb mesatares europiane krahasuar edhe me vendet e rajonit, por Qeveria n\u00eb vend t\u00eb ndihm\u00ebs ekonomike vazhdon t\u00eb paguaj\u00eb miliona euro p\u00ebr incenerator\u00ebt.<\/p>\n<p>Inceneratori i Elbasanit \u00ebsht\u00eb financuar n\u00eb vler\u00ebn 1.9 miliard lek\u00eb, inceneratori i Fierit \u00ebsht\u00eb financuar n\u00eb vler\u00ebn 3.6 miliard lek\u00eb, dhe inceneratori i Tiran\u00ebs, q\u00eb \u00ebsht\u00eb financuar nga viti 2018 deri n\u00eb vitin 2022 n\u00eb 6.1 miliard lek\u00eb, dhe parashikohet t\u00eb financohet me 3.5 miliard lek\u00eb shtes\u00eb p\u00ebr vitin 2023 dhe 2024.<\/p>\n<p>Miliarda lek\u00eb p\u00ebr klient\u00ebt e Qeveris\u00eb dhe zero lek\u00eb p\u00ebr qytetarin e thjesht\u00eb.<\/p>\n<p>Kjo Qeveri nuk meriton m\u00eb t\u00eb q\u00ebndroj\u00eb as edhe nj\u00eb minut\u00eb m\u00eb shum\u00eb!<\/p>\n<p>Angazhimi m\u00eb i madh i Partis\u00eb s\u00eb Liris\u00eb do t\u00eb jet\u00eb Revolucioni Antikorrupsion, q\u00eb do t\u00eb nd\u00ebshkoj\u00eb abuzuesit n\u00eb \u00e7do nivel dhe parat\u00eb e vjedhura prej tyre do t\u2019u a kthej\u00eb shqiptar\u00ebve!<\/p>\n","protected":false},"excerpt":{"rendered":"<p>Nga Ilir Meta ULNI \u00c7MIMET! RRITNI RROGAT DHE PENSIONET! MB\u00cbSHTETNI FINANCIARISHT \u00c7DO QYTETAR! Rritja marramend\u00ebse e \u00e7mimeve po thellon seriozisht varf\u00ebrin\u00eb, \u00e7do dit\u00eb dit\u00eb, duke k\u00ebrc\u00ebnuar si kurr\u00eb m\u00eb par\u00eb buxhetet familjare. Fuqia bler\u00ebse po zvog\u00eblohet, nd\u00ebrkoh\u00eb asnj\u00eb mas\u00eb konkrete nuk po merret nga nj\u00eb Qeveri, e padenj\u00eb p\u00ebr besimin popullor dhe e pandjeshme p\u00ebr [&hellip;]<\/p>\n","protected":false},"author":2020,"featured_media":110280,"comment_status":"closed","ping_status":"closed","sticky":false,"template":"","format":"standard","meta":{"footnotes":""},"categories":[241,5380,231],"tags":[],"class_list":{"0":"post-274880","1":"post","2":"type-post","3":"status-publish","4":"format-standard","5":"has-post-thumbnail","7":"category-aktualitet","8":"category-kryesore","9":"category-lajme"},"_links":{"self":[{"href":"https:\/\/zjarr.tv\/sq\/wp-json\/wp\/v2\/posts\/274880","targetHints":{"allow":["GET"]}}],"collection":[{"href":"https:\/\/zjarr.tv\/sq\/wp-json\/wp\/v2\/posts"}],"about":[{"href":"https:\/\/zjarr.tv\/sq\/wp-json\/wp\/v2\/types\/post"}],"author":[{"embeddable":true,"href":"https:\/\/zjarr.tv\/sq\/wp-json\/wp\/v2\/users\/2020"}],"replies":[{"embeddable":true,"href":"https:\/\/zjarr.tv\/sq\/wp-json\/wp\/v2\/comments?post=274880"}],"version-history":[{"count":0,"href":"https:\/\/zjarr.tv\/sq\/wp-json\/wp\/v2\/posts\/274880\/revisions"}],"wp:featuredmedia":[{"embeddable":true,"href":"https:\/\/zjarr.tv\/sq\/wp-json\/wp\/v2\/media\/110280"}],"wp:attachment":[{"href":"https:\/\/zjarr.tv\/sq\/wp-json\/wp\/v2\/media?parent=274880"}],"wp:term":[{"taxonomy":"category","embeddable":true,"href":"https:\/\/zjarr.tv\/sq\/wp-json\/wp\/v2\/categories?post=274880"},{"taxonomy":"post_tag","embeddable":true,"href":"https:\/\/zjarr.tv\/sq\/wp-json\/wp\/v2\/tags?post=274880"}],"curies":[{"name":"wp","href":"https:\/\/api.w.org\/{rel}","templated":true}]}}