{"id":274907,"date":"2022-07-30T14:08:43","date_gmt":"2022-07-30T12:08:43","guid":{"rendered":"https:\/\/zjarr.tv\/?p=274907"},"modified":"2022-07-30T14:10:17","modified_gmt":"2022-07-30T12:10:17","slug":"faqet-zyrtare-te-institucioneve-publike-dalin-serish-offline-deri-ne-mesnate-akshi-zbulon-arsyen-do-kryejme-nje-operacion-mirembajtje","status":"publish","type":"post","link":"https:\/\/zjarr.tv\/sq\/faqet-zyrtare-te-institucioneve-publike-dalin-serish-offline-deri-ne-mesnate-akshi-zbulon-arsyen-do-kryejme-nje-operacion-mirembajtje\/","title":{"rendered":"Faqet zyrtare t\u00eb institucioneve publike dalin s\u00ebrish offline deri n\u00eb mesnat\u00eb, AKSHI zbulon arsyen: Do kryejm\u00eb nj\u00eb operacion mir\u00ebmbajtje"},"content":{"rendered":"<p>Faqet zyrtare t\u00eb institucioneve publike do t\u00eb jen\u00eb s\u00ebrish offline sot nga ora 14:00 deri n\u00eb 23:59.<\/p>\n<p>Agjencia Komb\u00ebtare e Shoq\u00ebris\u00eb s\u00eb Informacionit b\u00ebn me dije se gjat\u00eb k\u00ebsaj kohe do t\u00eb kryhet nj\u00eb operacion mir\u00ebmbajtje p\u00ebr sistemet dhe faqet e k\u00ebtij institucioneve t\u00eb cilat pak jav\u00eb m\u00eb par\u00eb ran\u00eb pre e nj\u00eb sulmi kibernetik<\/p>\n<p>N\u00eb njoftim thuhet se kjo nd\u00ebrhyrje do i sh\u00ebrbime p\u00ebrmir\u00ebsimit t\u00eb m\u00ebtejsh\u00ebm t\u00eb sh\u00ebrbimeve publike online.<\/p>\n<p>Njoftimi i AKSHI-t<\/p>\n<p>Agjencia Komb\u00ebtare e Shoq\u00ebris\u00eb s\u00eb Informacionit u b\u00ebn me dije qytetar\u00ebve shqiptar\u00eb se sot n\u00eb or\u00ebn 14:00 deri n\u00eb 23:59 do t\u00eb kryej\u00eb nj\u00eb operacion mir\u00ebmbajtje t\u00eb sistemeve dhe faqeve zyrtare t\u00eb institucioneve publike.<\/p>\n<p>Kjo nd\u00ebrhyrje n\u00eb vazhd\u00ebn e p\u00ebrballjes me pasojat e sulmit kibernetik, do t\u2019i sh\u00ebrbej\u00eb p\u00ebrmir\u00ebsimit t\u00eb m\u00ebtejsh\u00ebm n\u00eb dh\u00ebnien e sh\u00ebrbimeve publike online. K\u00ebrkojm\u00eb mir\u00ebkuptimin e t\u00eb gjith\u00ebve n\u00ebse gjat\u00eb dit\u00ebs s\u00eb sotme mund t\u00eb hasni v\u00ebshtir\u00ebsi n\u00eb aksesin e \u00e7do faqeje publike.<\/p>\n","protected":false},"excerpt":{"rendered":"<p>Faqet zyrtare t\u00eb institucioneve publike do t\u00eb jen\u00eb s\u00ebrish offline sot nga ora 14:00 deri n\u00eb 23:59. Agjencia Komb\u00ebtare e Shoq\u00ebris\u00eb s\u00eb Informacionit b\u00ebn me dije se gjat\u00eb k\u00ebsaj kohe do t\u00eb kryhet nj\u00eb operacion mir\u00ebmbajtje p\u00ebr sistemet dhe faqet e k\u00ebtij institucioneve t\u00eb cilat pak jav\u00eb m\u00eb par\u00eb ran\u00eb pre e nj\u00eb sulmi kibernetik [&hellip;]<\/p>\n","protected":false},"author":2020,"featured_media":144137,"comment_status":"closed","ping_status":"closed","sticky":false,"template":"","format":"standard","meta":{"footnotes":""},"categories":[241,5380,231],"tags":[],"class_list":{"0":"post-274907","1":"post","2":"type-post","3":"status-publish","4":"format-standard","5":"has-post-thumbnail","7":"category-aktualitet","8":"category-kryesore","9":"category-lajme"},"_links":{"self":[{"href":"https:\/\/zjarr.tv\/sq\/wp-json\/wp\/v2\/posts\/274907","targetHints":{"allow":["GET"]}}],"collection":[{"href":"https:\/\/zjarr.tv\/sq\/wp-json\/wp\/v2\/posts"}],"about":[{"href":"https:\/\/zjarr.tv\/sq\/wp-json\/wp\/v2\/types\/post"}],"author":[{"embeddable":true,"href":"https:\/\/zjarr.tv\/sq\/wp-json\/wp\/v2\/users\/2020"}],"replies":[{"embeddable":true,"href":"https:\/\/zjarr.tv\/sq\/wp-json\/wp\/v2\/comments?post=274907"}],"version-history":[{"count":0,"href":"https:\/\/zjarr.tv\/sq\/wp-json\/wp\/v2\/posts\/274907\/revisions"}],"wp:featuredmedia":[{"embeddable":true,"href":"https:\/\/zjarr.tv\/sq\/wp-json\/wp\/v2\/media\/144137"}],"wp:attachment":[{"href":"https:\/\/zjarr.tv\/sq\/wp-json\/wp\/v2\/media?parent=274907"}],"wp:term":[{"taxonomy":"category","embeddable":true,"href":"https:\/\/zjarr.tv\/sq\/wp-json\/wp\/v2\/categories?post=274907"},{"taxonomy":"post_tag","embeddable":true,"href":"https:\/\/zjarr.tv\/sq\/wp-json\/wp\/v2\/tags?post=274907"}],"curies":[{"name":"wp","href":"https:\/\/api.w.org\/{rel}","templated":true}]}}