{"id":275495,"date":"2022-08-02T17:45:54","date_gmt":"2022-08-02T15:45:54","guid":{"rendered":"https:\/\/zjarr.tv\/?p=275495"},"modified":"2022-08-02T17:45:54","modified_gmt":"2022-08-02T15:45:54","slug":"begaj-dekretoi-shefin-e-ri-te-shtabit-te-fa-reagon-ambasadorja-kim-presim-me-padurim-te-punojme-per-forcimin-e-bashkepunimit-ushtarak","status":"publish","type":"post","link":"https:\/\/zjarr.tv\/sq\/begaj-dekretoi-shefin-e-ri-te-shtabit-te-fa-reagon-ambasadorja-kim-presim-me-padurim-te-punojme-per-forcimin-e-bashkepunimit-ushtarak\/","title":{"rendered":"Begaj dekretoi Shefin e ri t\u00eb Shtabit t\u00eb FA, reagon ambasadorja Kim: Presim me padurim t\u00eb punojm\u00eb p\u00ebr forcimin e bashk\u00ebpunimit ushtarak"},"content":{"rendered":"<p>Ambasadorja amerikane Yuri Kim ka uruar me an\u00eb t\u00eb nj\u00eb postimi n\u00eb \u2018Twitter\u2019 Shefin e ri t\u00eb Mbrojtjes s\u00eb Forcave t\u00eb Armatosura Shqiptare<\/p>\n<p>Ambasadorja Kim u shpreh se po pret me padurim vijimin e pun\u00ebs p\u00ebr forcimin e bashk\u00ebpunimit ushtarak me Shtetet e Bashkuara<\/p>\n<p>\u201cUrime BG Arben Kingji p\u00ebr em\u00ebrimin e tij n\u00eb detyr\u00ebn e Shefit t\u00eb Mbrojtjes s\u00eb Forcave t\u00eb Armatosura Shqiptare. Ne mezi presim t\u00eb punojm\u00eb me t\u00eb p\u00ebr t\u00eb vazhduar forcimin e bashk\u00ebpunimit ushtarak me Shtetet e Bashkuara, duke p\u00ebrfshir\u00eb si aleat\u00eb t\u00eb NATO-s, nd\u00ebrsa mbrojm\u00eb paqen dhe sigurin\u00eb n\u00eb rajon dhe n\u00eb mbar\u00eb bot\u00ebn\u201d, ka shkuar ajo.<\/p>\n","protected":false},"excerpt":{"rendered":"<p>Ambasadorja amerikane Yuri Kim ka uruar me an\u00eb t\u00eb nj\u00eb postimi n\u00eb \u2018Twitter\u2019 Shefin e ri t\u00eb Mbrojtjes s\u00eb Forcave t\u00eb Armatosura Shqiptare Ambasadorja Kim u shpreh se po pret me padurim vijimin e pun\u00ebs p\u00ebr forcimin e bashk\u00ebpunimit ushtarak me Shtetet e Bashkuara \u201cUrime BG Arben Kingji p\u00ebr em\u00ebrimin e tij n\u00eb detyr\u00ebn e [&hellip;]<\/p>\n","protected":false},"author":2030,"featured_media":275496,"comment_status":"closed","ping_status":"closed","sticky":false,"template":"","format":"standard","meta":{"footnotes":""},"categories":[241,3366,5380,231],"tags":[],"class_list":{"0":"post-275495","1":"post","2":"type-post","3":"status-publish","4":"format-standard","5":"has-post-thumbnail","7":"category-aktualitet","8":"category-koment","9":"category-kryesore","10":"category-lajme"},"_links":{"self":[{"href":"https:\/\/zjarr.tv\/sq\/wp-json\/wp\/v2\/posts\/275495","targetHints":{"allow":["GET"]}}],"collection":[{"href":"https:\/\/zjarr.tv\/sq\/wp-json\/wp\/v2\/posts"}],"about":[{"href":"https:\/\/zjarr.tv\/sq\/wp-json\/wp\/v2\/types\/post"}],"author":[{"embeddable":true,"href":"https:\/\/zjarr.tv\/sq\/wp-json\/wp\/v2\/users\/2030"}],"replies":[{"embeddable":true,"href":"https:\/\/zjarr.tv\/sq\/wp-json\/wp\/v2\/comments?post=275495"}],"version-history":[{"count":0,"href":"https:\/\/zjarr.tv\/sq\/wp-json\/wp\/v2\/posts\/275495\/revisions"}],"wp:featuredmedia":[{"embeddable":true,"href":"https:\/\/zjarr.tv\/sq\/wp-json\/wp\/v2\/media\/275496"}],"wp:attachment":[{"href":"https:\/\/zjarr.tv\/sq\/wp-json\/wp\/v2\/media?parent=275495"}],"wp:term":[{"taxonomy":"category","embeddable":true,"href":"https:\/\/zjarr.tv\/sq\/wp-json\/wp\/v2\/categories?post=275495"},{"taxonomy":"post_tag","embeddable":true,"href":"https:\/\/zjarr.tv\/sq\/wp-json\/wp\/v2\/tags?post=275495"}],"curies":[{"name":"wp","href":"https:\/\/api.w.org\/{rel}","templated":true}]}}