{"id":276200,"date":"2022-08-07T09:06:25","date_gmt":"2022-08-07T07:06:25","guid":{"rendered":"https:\/\/zjarr.tv\/?p=276200"},"modified":"2022-08-07T09:06:25","modified_gmt":"2022-08-07T07:06:25","slug":"erdogan-fton-putin-dhe-zelensky-te-takohen-ne-turqi","status":"publish","type":"post","link":"https:\/\/zjarr.tv\/sq\/erdogan-fton-putin-dhe-zelensky-te-takohen-ne-turqi\/","title":{"rendered":"Erdogan fton Putin dhe Zelensky t\u00eb takohen n\u00eb Turqi"},"content":{"rendered":"<p>Lufta n\u00eb Ukrain\u00eb ka arritur dit\u00ebn e 164-t\u00eb. Alarmi \u00ebsht\u00eb s\u00ebrish aty pasi agjencia komb\u00ebtare b\u00ebrthamore regjistroi tre shp\u00ebrthime n\u00eb Zaporizhzhia.<\/p>\n<p>Nd\u00ebrkoh\u00eb, m\u00eb shum\u00eb se 25,000 ushtar\u00eb rus\u00eb jan\u00eb p\u00ebrqendruar n\u00eb jug t\u00eb vendit, nd\u00ebrsa m\u00ebsohet se presidenti turk Erdogan i propozoi Putinit nj\u00eb takim me Zelensky n\u00eb Turqi.<\/p>\n<p>Presidenti turk ka qen\u00eb nj\u00eb figur\u00eb ky\u00e7e n\u00eb zhbllokimin e disa mosmarr\u00ebveshjeve mes Ukrain\u00ebs dhe Rusis\u00eb, m\u00eb e r\u00ebnd\u00ebsishme ajo e transportit t\u00eb grurit dhe produkteve.<\/p>\n<p>Nga ana tjet\u00ebr, anija MV Mustafa Necati do t\u00eb largohet nga Ukraina t\u00eb diel\u00ebn me nj\u00eb ngarkes\u00eb prej 6 mij\u00eb ton\u00ebsh vaj luledielli me destinacion Italin\u00eb.<\/p>\n<p>K\u00ebt\u00eb e ka b\u00ebr\u00eb t\u00eb ditur delegacioni i OKB-s\u00eb n\u00eb qendr\u00ebn e koordinimit n\u00eb Stamboll p\u00ebr korridoret e eksporteve nga Ukraina p\u00ebrmes korridoreve t\u00eb sigurta n\u00eb Detin e Zi.<\/p>\n<p>P\u00ebrpos anijes me destinacion Italin\u00eb, qendra e Stambollit ka autorizuar nisjen e 3 anijeve plus nga portet e Odessa dhe Chornomorsk.<\/p>\n","protected":false},"excerpt":{"rendered":"<p>Lufta n\u00eb Ukrain\u00eb ka arritur dit\u00ebn e 164-t\u00eb. Alarmi \u00ebsht\u00eb s\u00ebrish aty pasi agjencia komb\u00ebtare b\u00ebrthamore regjistroi tre shp\u00ebrthime n\u00eb Zaporizhzhia. Nd\u00ebrkoh\u00eb, m\u00eb shum\u00eb se 25,000 ushtar\u00eb rus\u00eb jan\u00eb p\u00ebrqendruar n\u00eb jug t\u00eb vendit, nd\u00ebrsa m\u00ebsohet se presidenti turk Erdogan i propozoi Putinit nj\u00eb takim me Zelensky n\u00eb Turqi. Presidenti turk ka qen\u00eb nj\u00eb figur\u00eb [&hellip;]<\/p>\n","protected":false},"author":2031,"featured_media":183059,"comment_status":"closed","ping_status":"closed","sticky":false,"template":"","format":"standard","meta":{"footnotes":""},"categories":[241,231],"tags":[],"class_list":{"0":"post-276200","1":"post","2":"type-post","3":"status-publish","4":"format-standard","5":"has-post-thumbnail","7":"category-aktualitet","8":"category-lajme"},"_links":{"self":[{"href":"https:\/\/zjarr.tv\/sq\/wp-json\/wp\/v2\/posts\/276200","targetHints":{"allow":["GET"]}}],"collection":[{"href":"https:\/\/zjarr.tv\/sq\/wp-json\/wp\/v2\/posts"}],"about":[{"href":"https:\/\/zjarr.tv\/sq\/wp-json\/wp\/v2\/types\/post"}],"author":[{"embeddable":true,"href":"https:\/\/zjarr.tv\/sq\/wp-json\/wp\/v2\/users\/2031"}],"replies":[{"embeddable":true,"href":"https:\/\/zjarr.tv\/sq\/wp-json\/wp\/v2\/comments?post=276200"}],"version-history":[{"count":0,"href":"https:\/\/zjarr.tv\/sq\/wp-json\/wp\/v2\/posts\/276200\/revisions"}],"wp:featuredmedia":[{"embeddable":true,"href":"https:\/\/zjarr.tv\/sq\/wp-json\/wp\/v2\/media\/183059"}],"wp:attachment":[{"href":"https:\/\/zjarr.tv\/sq\/wp-json\/wp\/v2\/media?parent=276200"}],"wp:term":[{"taxonomy":"category","embeddable":true,"href":"https:\/\/zjarr.tv\/sq\/wp-json\/wp\/v2\/categories?post=276200"},{"taxonomy":"post_tag","embeddable":true,"href":"https:\/\/zjarr.tv\/sq\/wp-json\/wp\/v2\/tags?post=276200"}],"curies":[{"name":"wp","href":"https:\/\/api.w.org\/{rel}","templated":true}]}}