{"id":277641,"date":"2022-08-12T14:40:43","date_gmt":"2022-08-12T12:40:43","guid":{"rendered":"https:\/\/zjarr.tv\/?p=277641"},"modified":"2022-08-12T14:40:43","modified_gmt":"2022-08-12T12:40:43","slug":"shi-dhe-bresher-ne-tirane-qytetaret-nxitojne-per-ti-shpetuar-reshjeve-ja-si-do-te-jete-moti-kete-fundjave","status":"publish","type":"post","link":"https:\/\/zjarr.tv\/sq\/shi-dhe-bresher-ne-tirane-qytetaret-nxitojne-per-ti-shpetuar-reshjeve-ja-si-do-te-jete-moti-kete-fundjave\/","title":{"rendered":"Shi dhe bresh\u00ebr n\u00eb Tiran\u00eb, qytetar\u00ebt nxitojn\u00eb p\u00ebr t\u2019i \u2018shp\u00ebtuar\u2019 reshjeve! Ja si do t\u00eb jet\u00eb moti k\u00ebt\u00eb fundjav\u00eb"},"content":{"rendered":"<p>Kan\u00eb mjaftuar disa minuta reshje shiu n\u00eb Tiran\u00eb q\u00eb temperaturat t\u00eb p\u00ebsoj\u00eb ulje t\u00eb ndjeshme.<\/p>\n<p>Prej disa dit\u00ebsh vendi jon\u00eb ishte p\u00ebrfshir\u00eb nga i nxehti, por sot situata marr\u00eb nj\u00eb kthes\u00eb t\u00eb ndjeshme.<\/p>\n<p>LSA ka shkrepur disa foto n\u00eb rrug\u00ebt e Tiran\u00ebs ku qytetar\u00ebt t\u00eb z\u00ebn\u00eb n\u00eb befasi nxitojn\u00eb p\u00ebr t\u00eb gjetur nj\u00eb streh\u00eb p\u00ebr t\u00eb shp\u00ebtuar nja reshjet.<\/p>\n<p>Shiu \u00ebsht\u00eb pasuar edhe nga disa minuta reshje bresh\u00ebri. E nj\u00ebjta situat\u00eb pritet t\u00eb shoq\u00ebroj\u00eb vendin ton\u00eb edhe gjat\u00eb fundjav\u00ebs pasi sinoptikan\u00ebt kan\u00eb parashikuar reshje n\u00eb t\u00eb gjith\u00eb territorin.<\/p>\n<p>Nd\u00ebrkoh\u00eb q\u00eb nga e h\u00ebna parashikohet t\u00eb kthehen dit\u00ebt me diell duke sjell\u00eb nj\u00eb rritje graduale t\u00eb temperaturave.<\/p>\n","protected":false},"excerpt":{"rendered":"<p>Kan\u00eb mjaftuar disa minuta reshje shiu n\u00eb Tiran\u00eb q\u00eb temperaturat t\u00eb p\u00ebsoj\u00eb ulje t\u00eb ndjeshme. Prej disa dit\u00ebsh vendi jon\u00eb ishte p\u00ebrfshir\u00eb nga i nxehti, por sot situata marr\u00eb nj\u00eb kthes\u00eb t\u00eb ndjeshme. LSA ka shkrepur disa foto n\u00eb rrug\u00ebt e Tiran\u00ebs ku qytetar\u00ebt t\u00eb z\u00ebn\u00eb n\u00eb befasi nxitojn\u00eb p\u00ebr t\u00eb gjetur nj\u00eb streh\u00eb p\u00ebr [&hellip;]<\/p>\n","protected":false},"author":2020,"featured_media":277643,"comment_status":"closed","ping_status":"closed","sticky":false,"template":"","format":"standard","meta":{"footnotes":""},"categories":[241,5380,231],"tags":[],"class_list":{"0":"post-277641","1":"post","2":"type-post","3":"status-publish","4":"format-standard","5":"has-post-thumbnail","7":"category-aktualitet","8":"category-kryesore","9":"category-lajme"},"_links":{"self":[{"href":"https:\/\/zjarr.tv\/sq\/wp-json\/wp\/v2\/posts\/277641","targetHints":{"allow":["GET"]}}],"collection":[{"href":"https:\/\/zjarr.tv\/sq\/wp-json\/wp\/v2\/posts"}],"about":[{"href":"https:\/\/zjarr.tv\/sq\/wp-json\/wp\/v2\/types\/post"}],"author":[{"embeddable":true,"href":"https:\/\/zjarr.tv\/sq\/wp-json\/wp\/v2\/users\/2020"}],"replies":[{"embeddable":true,"href":"https:\/\/zjarr.tv\/sq\/wp-json\/wp\/v2\/comments?post=277641"}],"version-history":[{"count":0,"href":"https:\/\/zjarr.tv\/sq\/wp-json\/wp\/v2\/posts\/277641\/revisions"}],"wp:featuredmedia":[{"embeddable":true,"href":"https:\/\/zjarr.tv\/sq\/wp-json\/wp\/v2\/media\/277643"}],"wp:attachment":[{"href":"https:\/\/zjarr.tv\/sq\/wp-json\/wp\/v2\/media?parent=277641"}],"wp:term":[{"taxonomy":"category","embeddable":true,"href":"https:\/\/zjarr.tv\/sq\/wp-json\/wp\/v2\/categories?post=277641"},{"taxonomy":"post_tag","embeddable":true,"href":"https:\/\/zjarr.tv\/sq\/wp-json\/wp\/v2\/tags?post=277641"}],"curies":[{"name":"wp","href":"https:\/\/api.w.org\/{rel}","templated":true}]}}