{"id":278225,"date":"2022-08-16T14:35:02","date_gmt":"2022-08-16T12:35:02","guid":{"rendered":"https:\/\/zjarr.tv\/?p=278225"},"modified":"2022-08-16T14:35:02","modified_gmt":"2022-08-16T12:35:02","slug":"rama-ndalet-tek-nje-tjeter-kontinent-publikon-shifrat-sa-turiste-nga-shba-dhe-kanadaja-vizituan-shqiperine","status":"publish","type":"post","link":"https:\/\/zjarr.tv\/sq\/rama-ndalet-tek-nje-tjeter-kontinent-publikon-shifrat-sa-turiste-nga-shba-dhe-kanadaja-vizituan-shqiperine\/","title":{"rendered":"Rama ndalet tek nj\u00eb tjet\u00ebr kontinent, publikon shifrat: Sa turist\u00eb nga SHBA dhe Kanadaja vizituan Shqip\u00ebrin\u00eb"},"content":{"rendered":"<p>Teksa prej dit\u00ebsh, kryeministri Edi Rama ka publikuar shifrat e turist\u00ebve europian n\u00eb Shqip\u00ebri, sot \u00ebsht\u00eb ndalur tek nj\u00eb tjet\u00ebr kontinent.<\/p>\n<p>Sipas Ram\u00ebs k\u00ebt\u00eb vit nga Amerika kan\u00eb ardhur 76 mij\u00eb turist\u00eb n\u00eb 7 muaj, ose th\u00ebn\u00eb ndryshe 50 % m\u00eb shum\u00eb se vitin e kaluar.<\/p>\n<p>Nd\u00ebrkoh\u00eb nga Kanadaja sipas Ram\u00ebs ka pasur nj\u00eb rritje t\u00eb ndjeshme t\u00eb turist\u00ebve, n\u00eb total 13 mij\u00eb vizitor\u00eb krahasuar me 5 mij\u00eb t\u00eb nj\u00eb viti m\u00eb par\u00eb.<\/p>\n<p>Postimi i Ram\u00ebs:<\/p>\n<p>\u201cLumi i Shal\u00ebs dhe Liqeni i Komanit jan\u00eb destinacionet q\u00eb po kthehen nd\u00ebr m\u00eb t\u00eb preferuarit e turist\u00ebve t\u00eb huaj.<\/p>\n<p>Dy bloger\u00ebt kanadez\u00eb \ud83c\udde8\ud83c\udde6 Steve&#038;Ivana s\u00eb bashku me miken e tyre amerikane \ud83c\uddfa\ud83c\uddf8 kan\u00eb vendosur t\u2019i eksplorojn\u00eb p\u00ebrmes lundrimit me kajak k\u00ebto perla t\u00eb natyr\u00ebs shqiptare, duke e ndar\u00eb me ndjek\u00ebsit e vlogut t\u00eb tyre k\u00ebt\u00eb p\u00ebrvoj\u00eb unike.<\/p>\n<p>76 mij\u00eb vizitor\u00eb amerikan\u00eb kan\u00eb ardhur n\u00eb Shqip\u00ebri n\u00eb k\u00ebta shtat\u00eb muaj, 50% m\u00eb shum\u00eb se nj\u00eb vit m\u00eb par\u00eb;<\/p>\n<p>E po ashtu rritje e ndjeshme e turist\u00ebve nga Kanadaja prej nga kan\u00eb ardhur 13 mij\u00eb vizitor\u00eb krahasuar me 5 mij\u00eb t\u00eb s\u00eb nj\u00ebjt\u00ebs periudh\u00eb vjet.\u201d tha ai.<\/p>\n","protected":false},"excerpt":{"rendered":"<p>Teksa prej dit\u00ebsh, kryeministri Edi Rama ka publikuar shifrat e turist\u00ebve europian n\u00eb Shqip\u00ebri, sot \u00ebsht\u00eb ndalur tek nj\u00eb tjet\u00ebr kontinent. Sipas Ram\u00ebs k\u00ebt\u00eb vit nga Amerika kan\u00eb ardhur 76 mij\u00eb turist\u00eb n\u00eb 7 muaj, ose th\u00ebn\u00eb ndryshe 50 % m\u00eb shum\u00eb se vitin e kaluar. Nd\u00ebrkoh\u00eb nga Kanadaja sipas Ram\u00ebs ka pasur nj\u00eb rritje [&hellip;]<\/p>\n","protected":false},"author":2031,"featured_media":210436,"comment_status":"closed","ping_status":"closed","sticky":false,"template":"","format":"standard","meta":{"footnotes":""},"categories":[231],"tags":[],"class_list":{"0":"post-278225","1":"post","2":"type-post","3":"status-publish","4":"format-standard","5":"has-post-thumbnail","7":"category-lajme"},"_links":{"self":[{"href":"https:\/\/zjarr.tv\/sq\/wp-json\/wp\/v2\/posts\/278225","targetHints":{"allow":["GET"]}}],"collection":[{"href":"https:\/\/zjarr.tv\/sq\/wp-json\/wp\/v2\/posts"}],"about":[{"href":"https:\/\/zjarr.tv\/sq\/wp-json\/wp\/v2\/types\/post"}],"author":[{"embeddable":true,"href":"https:\/\/zjarr.tv\/sq\/wp-json\/wp\/v2\/users\/2031"}],"replies":[{"embeddable":true,"href":"https:\/\/zjarr.tv\/sq\/wp-json\/wp\/v2\/comments?post=278225"}],"version-history":[{"count":0,"href":"https:\/\/zjarr.tv\/sq\/wp-json\/wp\/v2\/posts\/278225\/revisions"}],"wp:featuredmedia":[{"embeddable":true,"href":"https:\/\/zjarr.tv\/sq\/wp-json\/wp\/v2\/media\/210436"}],"wp:attachment":[{"href":"https:\/\/zjarr.tv\/sq\/wp-json\/wp\/v2\/media?parent=278225"}],"wp:term":[{"taxonomy":"category","embeddable":true,"href":"https:\/\/zjarr.tv\/sq\/wp-json\/wp\/v2\/categories?post=278225"},{"taxonomy":"post_tag","embeddable":true,"href":"https:\/\/zjarr.tv\/sq\/wp-json\/wp\/v2\/tags?post=278225"}],"curies":[{"name":"wp","href":"https:\/\/api.w.org\/{rel}","templated":true}]}}