{"id":279275,"date":"2022-08-22T14:47:11","date_gmt":"2022-08-22T12:47:11","guid":{"rendered":"https:\/\/zjarr.tv\/?p=279275"},"modified":"2022-08-22T14:47:11","modified_gmt":"2022-08-22T12:47:11","slug":"bashkimi-europian-shqyrton-mundesine-e-trajnimit-te-forcave-ukrainase","status":"publish","type":"post","link":"https:\/\/zjarr.tv\/sq\/bashkimi-europian-shqyrton-mundesine-e-trajnimit-te-forcave-ukrainase\/","title":{"rendered":"Bashkimi Europian shqyrton mund\u00ebsin\u00eb e trajnimit t\u00eb forcave ukrainase"},"content":{"rendered":"<p>Bashkimi Evropian do t\u00eb diskutoj\u00eb p\u00ebr nisjen e nj\u00eb programi t\u00eb madh trajnues p\u00ebr forcat ukrainase n\u00eb shtetet fqinje, tha shefi i diplomacis\u00eb s\u00eb bllokut, Josep Borrell.<\/p>\n<p>Duke folur n\u00eb nj\u00eb konferenc\u00eb p\u00ebr media m\u00eb 22 gusht n\u00eb Santander t\u00eb Spanj\u00ebs, Borrell tha se p\u00ebr k\u00ebt\u00eb tem\u00eb do t\u00eb diskutohet jav\u00ebn e ardhshme gjat\u00eb takimit n\u00eb Prag\u00eb t\u00eb ministrave t\u00eb Mbrojtjes s\u00eb BE-s\u00eb.<\/p>\n<p>\u201cNatyrisht se do t\u00eb ishte nj\u00eb mision i madh\u201d, tha ai dhe shtoi se \u201c\u00e7do mision duhet t\u00eb jet\u00eb i p\u00ebrgatitur\u201d p\u00ebr t\u00eb trajnuar forcat ukrainase p\u00ebr luft\u00eb.<\/p>\n<p>Informacionet e inteligjenc\u00ebs dhe pajisjet ushtarake t\u00eb ofruara nga Shtetet e Bashkuara dhe Evropa Per\u00ebndimore kan\u00eb ndihmuar forcat ukrainase q\u00eb t\u00eb ngadal\u00ebsojn\u00eb \u2013 por jo t\u00eb ndalin \u2013 p\u00ebrparimin e forcave ruse n\u00eb lindje t\u00eb Ukrain\u00ebs dhe p\u00ebrgjat\u00eb brigjeve t\u00eb Detit t\u00eb Zi.<\/p>\n<p>\u201cDuket e arsyeshme, duke pasur parasysh se lufta po zgjat, q\u00eb duhet nj\u00eb p\u00ebrpjekje tjet\u00ebr p\u00ebrve\u00e7 ndihm\u00ebs me materiale\u201d, tha Borrell.<\/p>\n<p>\u201cP\u00ebr k\u00ebt\u00eb po diskutohet midis shteteve an\u00ebtare dhe do t\u00eb bisedohet p\u00ebr k\u00ebt\u00eb tem\u00eb edhe n\u00eb nivelin politik jav\u00ebn e ardhshme\u201d, tha ai, pa dh\u00ebn\u00eb detaje t\u00eb tjera.<\/p>\n<p>Q\u00ebkur Rusia nisi pushtimin e Ukrain\u00ebs m\u00eb 24 shkurt, SHBA-ja dhe shtetet e tjera, p\u00ebrfshir\u00eb edhe ato evropiane, i kan\u00eb ofruar ndihm\u00eb ushtarake forcave ukrainase. \/REL<\/p>\n","protected":false},"excerpt":{"rendered":"<p>Bashkimi Evropian do t\u00eb diskutoj\u00eb p\u00ebr nisjen e nj\u00eb programi t\u00eb madh trajnues p\u00ebr forcat ukrainase n\u00eb shtetet fqinje, tha shefi i diplomacis\u00eb s\u00eb bllokut, Josep Borrell. Duke folur n\u00eb nj\u00eb konferenc\u00eb p\u00ebr media m\u00eb 22 gusht n\u00eb Santander t\u00eb Spanj\u00ebs, Borrell tha se p\u00ebr k\u00ebt\u00eb tem\u00eb do t\u00eb diskutohet jav\u00ebn e ardhshme gjat\u00eb takimit [&hellip;]<\/p>\n","protected":false},"author":2020,"featured_media":279282,"comment_status":"closed","ping_status":"closed","sticky":false,"template":"","format":"standard","meta":{"footnotes":""},"categories":[241,231],"tags":[],"class_list":{"0":"post-279275","1":"post","2":"type-post","3":"status-publish","4":"format-standard","5":"has-post-thumbnail","7":"category-aktualitet","8":"category-lajme"},"_links":{"self":[{"href":"https:\/\/zjarr.tv\/sq\/wp-json\/wp\/v2\/posts\/279275","targetHints":{"allow":["GET"]}}],"collection":[{"href":"https:\/\/zjarr.tv\/sq\/wp-json\/wp\/v2\/posts"}],"about":[{"href":"https:\/\/zjarr.tv\/sq\/wp-json\/wp\/v2\/types\/post"}],"author":[{"embeddable":true,"href":"https:\/\/zjarr.tv\/sq\/wp-json\/wp\/v2\/users\/2020"}],"replies":[{"embeddable":true,"href":"https:\/\/zjarr.tv\/sq\/wp-json\/wp\/v2\/comments?post=279275"}],"version-history":[{"count":0,"href":"https:\/\/zjarr.tv\/sq\/wp-json\/wp\/v2\/posts\/279275\/revisions"}],"wp:featuredmedia":[{"embeddable":true,"href":"https:\/\/zjarr.tv\/sq\/wp-json\/wp\/v2\/media\/279282"}],"wp:attachment":[{"href":"https:\/\/zjarr.tv\/sq\/wp-json\/wp\/v2\/media?parent=279275"}],"wp:term":[{"taxonomy":"category","embeddable":true,"href":"https:\/\/zjarr.tv\/sq\/wp-json\/wp\/v2\/categories?post=279275"},{"taxonomy":"post_tag","embeddable":true,"href":"https:\/\/zjarr.tv\/sq\/wp-json\/wp\/v2\/tags?post=279275"}],"curies":[{"name":"wp","href":"https:\/\/api.w.org\/{rel}","templated":true}]}}