{"id":279292,"date":"2022-08-22T15:18:12","date_gmt":"2022-08-22T13:18:12","guid":{"rendered":"https:\/\/zjarr.tv\/?p=279292"},"modified":"2022-08-22T15:18:12","modified_gmt":"2022-08-22T13:18:12","slug":"manastirliu-ne-vore-fuqizohet-rrjeti-i-pajisjeve-te-reja-radiologjike-ne-18-spitale-e-poliklinika","status":"publish","type":"post","link":"https:\/\/zjarr.tv\/sq\/manastirliu-ne-vore-fuqizohet-rrjeti-i-pajisjeve-te-reja-radiologjike-ne-18-spitale-e-poliklinika\/","title":{"rendered":"Manastirliu n\u00eb Vor\u00eb: Fuqizohet rrjeti i pajisjeve t\u00eb reja radiologjike n\u00eb 18 spitale e poliklinika"},"content":{"rendered":"<p>Ministrja e Sh\u00ebndet\u00ebsis\u00eb dhe Mbrojtjes Sociale Ogerta Manastirliu, e shoq\u00ebruar nga Kryetari i Bashkis\u00eb Vore Blerim Shera, pan\u00eb nga af\u00ebr investimin e ri, ku deklaroi se po fuqizohet rrjeti i pajisjeve radiologjike n\u00eb spitale dhe poliklinika.<\/p>\n<p>\u201c<em>Ashtu sikurse jav\u00ebn e shkuar ishim n\u00eb Paskuqan, ku edhe aty instaluam grafin\u00eb e re, t\u00eb t\u00eb nj\u00ebjtit standard sikurse \u00ebsht\u00eb kjo grafi k\u00ebtu n\u00eb qendr\u00ebn sh\u00ebndet\u00ebsore t\u00eb Vor\u00ebs, dhe tashm\u00eb \u00ebsht\u00eb e instaluar dhe ofron sh\u00ebrbime n\u00ebp\u00ebrmjet nj\u00eb tekniku t\u00eb laboratorit i cili \u00ebsht\u00eb em\u00ebruar rishtazi, pik\u00ebrisht p\u00ebr t\u00eb siguruar q\u00eb sh\u00ebrbimi p\u00ebrsa i p\u00ebrket diagnostik\u00ebs baz\u00eb n\u00ebp\u00ebrmjet ekzaminimit t\u00eb grafis\u00eb, t\u00eb b\u00ebhet n\u00eb koh\u00eb reale dhe t\u2019i sh\u00ebrbej\u00eb mbi t\u00eb gjitha vendosjes s\u00eb diagnoz\u00ebs dhe ndjekjes s\u00eb diagnozave. Jan\u00eb 4.2 milion\u00eb euro q\u00eb qeveria shqiptare \u00ebsht\u00eb duke i investuar n\u00eb p\u00ebrgjigjie t\u00eb programit ton\u00eb t\u00eb kujdesit ndaj qytear\u00ebve, ndaj covid19 por gjithashtu dhe t\u00eb Strategjis\u00eb ton\u00eb t\u00eb Kujdesit Par\u00ebsor, p\u00ebr t\u00eb fuqizuar t\u00eb gjith\u00eb rrjetin ton\u00eb t\u00eb kujdesit par\u00ebsor, t\u00eb qendrave sh\u00ebndet\u00ebsore dhe ambulancave\u201d<\/em>, tha Manastirliu.<\/p>\n<p>Ministrja Ogerta Manastirliu foli edhe p\u00ebr vijimin e programit t\u00eb 300 qendrave sh\u00ebndet\u00ebsore p\u00ebr p\u00ebrmir\u00ebsimin e infrastruktur\u00ebs s\u00eb qendrave sh\u00ebndet\u00ebsore dhe ambulancave n\u00eb t\u00eb gjith\u00eb vendin.<\/p>\n<p>\u201c<em>N\u00eb k\u00ebt\u00eb vit po hapim punimet p\u00ebr 40 qendra sh\u00ebndet\u00ebsore dhe ambulanca n\u00eb t\u00eb gjith\u00eb vendin. Programi yn\u00eb i p\u00ebrmir\u00ebsimit t\u00eb infrastruktur\u00ebs t\u00eb qendrave sh\u00ebndet\u00ebsore po vijon\u201d<\/em>, tha Manastirliu.<\/p>\n<p>N\u00eb kuad\u00ebr t\u00eb planit t\u00eb p\u00ebrballimit t\u00eb Covid19 dhe emergjencave sh\u00ebndet\u00ebsore, po kryhen investime n\u00eb spitalet universitare, rajonale dhe bashkiake p\u00ebr pajisjen dhe rinovimin e flot\u00ebs s\u00eb aparaturave biomjek\u00ebsore t\u00eb teknologjis\u00eb s\u00eb lart\u00eb, me vler\u00eb 4.2 mln euro. Fuqizimi i flot\u00ebs s\u00eb pajisjeve mjek\u00ebsore do t\u00eb sjell\u00eb n\u00eb strukturat spitalore kat\u00ebr skanera t\u00eb rinj t\u00eb teknologjis\u00eb s\u00eb fundit, m\u00eb konkretisht, n\u00eb Spitalin Universitar \u201cShefqet Ndroqi\u201d dhe n\u00eb Spitalin Universitar t\u00eb Traum\u00ebs, duke dyfishuar kapacitetet, si dhe n\u00eb Pediatrin\u00eb e Qendr\u00ebs Spitalore Universitare \u201cN\u00ebn\u00eb Tereza\u201d dhe n\u00eb Spitalin Rajonal t\u00eb Kor\u00e7\u00ebs. Spitali i ri i S\u00ebmundjeve t\u00eb Brendshme do t\u00eb pajiset me nj\u00eb angiograf t\u00eb ri.<\/p>\n<p>Edhe spitalet e tjera rajonale dhe bashkiake si dhe poliklinikat e Vor\u00ebs dhe Paskuqanit po pajisen me 18 grafi t\u00eb reja dhe 4 ECHO, pjes\u00eb e investimit n\u00eb flot\u00ebn e aparaturave moderne t\u00eb teknologjis\u00eb s\u00eb lart\u00eb. Lista e plot\u00eb e spitaleve dhe poliklinikave ku do t\u00eb instalohen pajisjet e grafive dhe Echo (Grafit\u00eb- QSUT, Spitali Rajonal Elbasan dhe Gjirokast\u00ebr, Spitali bashkiak i Tropoj\u00ebs, Tepelen\u00ebs, Sarand\u00ebs, Lacit, Puk\u00eb, Poliklinika e Vor\u00ebs dhe Paskuqanit; Grafit\u00eb e l\u00ebvizshme- Spitali rajonal i Lezh\u00ebs, Korc\u00ebs, Shkodr\u00ebs, Spitali bashkiak i Librazhdit, Skrapar, P\u00ebrmet, Mallakast\u00ebr dhe Kavaj\u00eb; Echo \u2013 Spitali rajonal i Fierit, Lezh\u00ebs, Vlor\u00ebs dhe Shkodr\u00ebs).<\/p>\n","protected":false},"excerpt":{"rendered":"<p>Ministrja e Sh\u00ebndet\u00ebsis\u00eb dhe Mbrojtjes Sociale Ogerta Manastirliu, e shoq\u00ebruar nga Kryetari i Bashkis\u00eb Vore Blerim Shera, pan\u00eb nga af\u00ebr investimin e ri, ku deklaroi se po fuqizohet rrjeti i pajisjeve radiologjike n\u00eb spitale dhe poliklinika. \u201cAshtu sikurse jav\u00ebn e shkuar ishim n\u00eb Paskuqan, ku edhe aty instaluam grafin\u00eb e re, t\u00eb t\u00eb nj\u00ebjtit standard [&hellip;]<\/p>\n","protected":false},"author":2037,"featured_media":279293,"comment_status":"closed","ping_status":"closed","sticky":false,"template":"","format":"standard","meta":{"footnotes":""},"categories":[241,231],"tags":[],"class_list":{"0":"post-279292","1":"post","2":"type-post","3":"status-publish","4":"format-standard","5":"has-post-thumbnail","7":"category-aktualitet","8":"category-lajme"},"_links":{"self":[{"href":"https:\/\/zjarr.tv\/sq\/wp-json\/wp\/v2\/posts\/279292","targetHints":{"allow":["GET"]}}],"collection":[{"href":"https:\/\/zjarr.tv\/sq\/wp-json\/wp\/v2\/posts"}],"about":[{"href":"https:\/\/zjarr.tv\/sq\/wp-json\/wp\/v2\/types\/post"}],"author":[{"embeddable":true,"href":"https:\/\/zjarr.tv\/sq\/wp-json\/wp\/v2\/users\/2037"}],"replies":[{"embeddable":true,"href":"https:\/\/zjarr.tv\/sq\/wp-json\/wp\/v2\/comments?post=279292"}],"version-history":[{"count":0,"href":"https:\/\/zjarr.tv\/sq\/wp-json\/wp\/v2\/posts\/279292\/revisions"}],"wp:featuredmedia":[{"embeddable":true,"href":"https:\/\/zjarr.tv\/sq\/wp-json\/wp\/v2\/media\/279293"}],"wp:attachment":[{"href":"https:\/\/zjarr.tv\/sq\/wp-json\/wp\/v2\/media?parent=279292"}],"wp:term":[{"taxonomy":"category","embeddable":true,"href":"https:\/\/zjarr.tv\/sq\/wp-json\/wp\/v2\/categories?post=279292"},{"taxonomy":"post_tag","embeddable":true,"href":"https:\/\/zjarr.tv\/sq\/wp-json\/wp\/v2\/tags?post=279292"}],"curies":[{"name":"wp","href":"https:\/\/api.w.org\/{rel}","templated":true}]}}